{"id":5216,"date":"2024-02-19T16:36:57","date_gmt":"2024-02-19T16:36:57","guid":{"rendered":"https:\/\/fw-hardt.de\/?p=5216"},"modified":"2024-02-19T16:37:01","modified_gmt":"2024-02-19T16:37:01","slug":"einsatz-016-2024-brand-in-senioren-wohnresidenz-eine-person-mit-rauchgasvergiftung","status":"publish","type":"post","link":"https:\/\/fw-hardt.de\/?p=5216","title":{"rendered":"++++ Einsatz 016 \/ 2024 \u2013 Brand in Senioren Wohnresidenz, eine Person mit Rauchgasvergiftung ++++"},"content":{"rendered":"\n<p><em><a href=\"https:\/\/www.presseportal.de\/regional\/M%F6nchengladbach-Am%20Wasserturm%2C%2019.02.2024%2C%2010%3A20%20Uhr%2C%20Franziskanerstra%DFe\">M\u00f6nchengladbach-Am Wasserturm, 19.02.2024, 10:20 Uhr, Franziskanerstra\u00dfe<\/a>&nbsp;(ots)<\/em><\/p>\n\n\n\n<p>Die Feuerwehr wurde heute Vormittag telefonisch zu einem Brand in einer Senioren-Wohnresidenz alarmiert. Hier sollte es laut Anruferin in einer Seniorenwohnung brennen, der Bereich stark verraucht sein und sich in der Wohnung noch eine Person befinden.<\/p>\n\n\n\n<p>Beim Eintreffen der ersten Kr\u00e4fte konnte schnell Entwarnung gegeben werden. Im K\u00fcchenbereich einer Erdgeschosswohnung war es zu einem Entstehungsbrand gekommen. Das Feuer war durch einen Ersthelfer (Hausmeister) bereits gel\u00f6scht worden. Hierdurch blieb der Brand auf den Entstehungsraum begrenzt. Durch die Feuerwehrkr\u00e4fte wurde der Bereich durch einen Trupp unter Atemschutz mit einer W\u00e4rmebildkamera kontrolliert, mit einem Kleinl\u00f6schger\u00e4t Nachl\u00f6scharbeiten durchgef\u00fchrt und die Wohnung sowie der angrenzende Flur mit einem Hochleistungsl\u00fcfter vom Rauch befreit. Aufgrund einer starken Ru\u00dfbildung u. -ausbreitung war die Wohnung vorerst nicht mehr bewohnbar.<\/p>\n\n\n\n<p>Durch den Notarzt wurden der Bewohner und der Hausmeister gesichtet. Der Hausmeister konnte unverletzt an der Einsatzstelle verbleiben. Der 92-j\u00e4hrige Bewohner wurde mit einer leichten Rauchgasvergiftung mit einem Rettungswagen in ein st\u00e4dtisches Krankenhaus transportiert. Weitere Personen wurden zum Gl\u00fcck nicht verletzt.<\/p>\n\n\n\n<p>Im Einsatz waren die L\u00f6schz\u00fcge der Feuer- und Rettungswachen I (Neuwerk) und II (Holt), das L\u00f6schfahrzeug der Feuer- und Rettungswache III (Rheydt), die Einheiten Stadtmitte, Hardt und IuK (Information- und Kommunikation) der Freiwilligen Feuerwehr, ein Wechselladerfahrzeug aus dem Technik- und Logistikzentrum (Holt) mit dem Abrollbeh\u00e4lter Atem- u. Strahlenschutz, zwei Rettungswagen, ein Notarzteinsatzfahrzeug sowie der F\u00fchrungsdienst der Berufsfeuerwehr mit zwei Einsatzleitwagen.<\/p>\n\n\n\n<p>Einsatzleiter: Brandamtsrat Heinrich Roemgens<\/p>\n\n\n\n<p>R\u00fcckfragen bitte an:<\/p>\n\n\n\n<p>Stadt M\u00f6nchengladbach<br>Fachbereich 37 &#8211; Feuerwehr<br>F\u00fchrungs- und Lagezentrum<br>Stockholtweg 132<br>41238 M\u00f6nchengladbach<br><br>Telefon: 02166\/9989-0<br>Fax: 02166\/9989-2114<br>E-Mail:&nbsp;<a href=\"mailto:%20leitstelle.feuerwehr@moenchengladbach.de\">leitstelle.feuerwehr@moenchengladbach.de<\/a><br><a target=\"_blank\" rel=\"noreferrer noopener\" href=\"http:\/\/www.feuerwehr-mg.de\/\">http:\/\/www.feuerwehr-mg.de\/<\/a><\/p>\n\n\n\n<p>Original-Content von: Feuerwehr M\u00f6nchengladbach, \u00fcbermittelt durch news aktuell<\/p>\n","protected":false},"excerpt":{"rendered":"<p>M\u00f6nchengladbach-Am Wasserturm, 19.02.2024, 10:20 Uhr, Franziskanerstra\u00dfe&nbsp;(ots) Die Feuerwehr wurde heute Vormittag telefonisch zu einem Brand in einer Senioren-Wohnresidenz alarmiert. Hier sollte es laut Anruferin in einer Seniorenwohnung brennen, der Bereich [&hellip;]<\/p>\n","protected":false},"author":1,"featured_media":5477,"comment_status":"open","ping_status":"open","sticky":false,"template":"","format":"standard","meta":{"_et_pb_use_builder":"off","_et_pb_old_content":"","_et_gb_content_width":"","footnotes":""},"categories":[8],"tags":[],"class_list":["post-5216","post","type-post","status-publish","format-standard","has-post-thumbnail","hentry","category-einsaetze"],"_links":{"self":[{"href":"https:\/\/fw-hardt.de\/index.php?rest_route=\/wp\/v2\/posts\/5216","targetHints":{"allow":["GET"]}}],"collection":[{"href":"https:\/\/fw-hardt.de\/index.php?rest_route=\/wp\/v2\/posts"}],"about":[{"href":"https:\/\/fw-hardt.de\/index.php?rest_route=\/wp\/v2\/types\/post"}],"author":[{"embeddable":true,"href":"https:\/\/fw-hardt.de\/index.php?rest_route=\/wp\/v2\/users\/1"}],"replies":[{"embeddable":true,"href":"https:\/\/fw-hardt.de\/index.php?rest_route=%2Fwp%2Fv2%2Fcomments&post=5216"}],"version-history":[{"count":1,"href":"https:\/\/fw-hardt.de\/index.php?rest_route=\/wp\/v2\/posts\/5216\/revisions"}],"predecessor-version":[{"id":5217,"href":"https:\/\/fw-hardt.de\/index.php?rest_route=\/wp\/v2\/posts\/5216\/revisions\/5217"}],"wp:featuredmedia":[{"embeddable":true,"href":"https:\/\/fw-hardt.de\/index.php?rest_route=\/wp\/v2\/media\/5477"}],"wp:attachment":[{"href":"https:\/\/fw-hardt.de\/index.php?rest_route=%2Fwp%2Fv2%2Fmedia&parent=5216"}],"wp:term":[{"taxonomy":"category","embeddable":true,"href":"https:\/\/fw-hardt.de\/index.php?rest_route=%2Fwp%2Fv2%2Fcategories&post=5216"},{"taxonomy":"post_tag","embeddable":true,"href":"https:\/\/fw-hardt.de\/index.php?rest_route=%2Fwp%2Fv2%2Ftags&post=5216"}],"curies":[{"name":"wp","href":"https:\/\/api.w.org\/{rel}","templated":true}]}}