{"id":5214,"date":"2024-02-17T20:26:02","date_gmt":"2024-02-17T20:26:02","guid":{"rendered":"https:\/\/fw-hardt.de\/?p=5214"},"modified":"2024-02-17T20:26:06","modified_gmt":"2024-02-17T20:26:06","slug":"einsatz-015-2024-verkehrsunfall-mit-drei-verletzten","status":"publish","type":"post","link":"https:\/\/fw-hardt.de\/?p=5214","title":{"rendered":"++++ Einsatz 015 \/ 2024 \u2013 Verkehrsunfall mit drei Verletzten ++++"},"content":{"rendered":"\n<p><em><a href=\"https:\/\/www.presseportal.de\/regional\/M%F6nchengladbach-BAB%2052%20Fahrtrichtung%20D%FCsseldorf%2C%2017.02.2024%2C%2014%3A29%20Uhr\">M\u00f6nchengladbach-BAB 52 Fahrtrichtung D\u00fcsseldorf, 17.02.2024, 14:29 Uhr<\/a>&nbsp;(ots)<\/em><\/p>\n\n\n\n<p>Am heutigen Nachmittag wurde die Feuerwehr M\u00f6nchengladbach zu einem Verkehrsunfall auf der BAB 52 in Fahrtrichtung D\u00fcsseldorf in H\u00f6he der Anschlussstelle Hardt gerufen. Laut Anrufer war ein PKW mit mehreren Insassen in der Abfahrt frontal gegen einen Baum geprallt. Bei Eintreffen der ersten Rettungskr\u00e4fte best\u00e4tigte sich die telefonische Meldung. Alle Verletzten hatten das Fahrzeug bereits verlassen und wurden umgehend medizinisch versorgt. Die Feuerwehr sicherte die Unfallstelle ab, stellte den Brandschutz sicher und unterst\u00fctzte die medizinische Versorgung der Verletzten. Nach Sichtung durch den Notarzt wurden die drei Patienten von drei Rettungswagen in die umliegenden Krankenh\u00e4user transportiert. Zwei Insassen erlitten durch den Aufprall schwere Verletzungen, eine weitere Person mittelschwere Verletzungen.<\/p>\n\n\n\n<p>Im Einsatz waren die Kr\u00e4fte der Feuer- und Rettungswache II (Holt), der R\u00fcstwagen und das Tankl\u00f6schfahrzeug aus dem Technik- und Logistikzentrum (Holt), die Einheit Hardt der Freiwilligen Feuerwehr, vier Rettungswagen, zwei Not\u00e4rzte , ein Notfallseelsorger sowie der F\u00fchrungsdienst der Berufsfeuerwehr.<\/p>\n\n\n\n<p>Einsatzleiter : BOI Alexander Fl\u00fcgel<\/p>\n\n\n\n<p>R\u00fcckfragen bitte an:<\/p>\n\n\n\n<p>Stadt M\u00f6nchengladbach<br>Fachbereich 37 &#8211; Feuerwehr<br>F\u00fchrungs- und Lagezentrum<br>Stockholtweg 132<br>41238 M\u00f6nchengladbach<br><br>Telefon: 02166\/9989-0<br>Fax: 02166\/9989-2114<br>E-Mail:&nbsp;<a href=\"mailto:%20leitstelle.feuerwehr@moenchengladbach.de\">leitstelle.feuerwehr@moenchengladbach.de<\/a><br><a target=\"_blank\" rel=\"noreferrer noopener\" href=\"http:\/\/www.feuerwehr-mg.de\/\">http:\/\/www.feuerwehr-mg.de\/<\/a><\/p>\n\n\n\n<p>Original-Content von: Feuerwehr M\u00f6nchengladbach, \u00fcbermittelt durch news aktuell<\/p>\n","protected":false},"excerpt":{"rendered":"<p>M\u00f6nchengladbach-BAB 52 Fahrtrichtung D\u00fcsseldorf, 17.02.2024, 14:29 Uhr&nbsp;(ots) Am heutigen Nachmittag wurde die Feuerwehr M\u00f6nchengladbach zu einem Verkehrsunfall auf der BAB 52 in Fahrtrichtung D\u00fcsseldorf in H\u00f6he der Anschlussstelle Hardt gerufen. [&hellip;]<\/p>\n","protected":false},"author":1,"featured_media":5477,"comment_status":"open","ping_status":"open","sticky":false,"template":"","format":"standard","meta":{"_et_pb_use_builder":"off","_et_pb_old_content":"","_et_gb_content_width":"","footnotes":""},"categories":[8],"tags":[],"class_list":["post-5214","post","type-post","status-publish","format-standard","has-post-thumbnail","hentry","category-einsaetze"],"_links":{"self":[{"href":"https:\/\/fw-hardt.de\/index.php?rest_route=\/wp\/v2\/posts\/5214","targetHints":{"allow":["GET"]}}],"collection":[{"href":"https:\/\/fw-hardt.de\/index.php?rest_route=\/wp\/v2\/posts"}],"about":[{"href":"https:\/\/fw-hardt.de\/index.php?rest_route=\/wp\/v2\/types\/post"}],"author":[{"embeddable":true,"href":"https:\/\/fw-hardt.de\/index.php?rest_route=\/wp\/v2\/users\/1"}],"replies":[{"embeddable":true,"href":"https:\/\/fw-hardt.de\/index.php?rest_route=%2Fwp%2Fv2%2Fcomments&post=5214"}],"version-history":[{"count":1,"href":"https:\/\/fw-hardt.de\/index.php?rest_route=\/wp\/v2\/posts\/5214\/revisions"}],"predecessor-version":[{"id":5215,"href":"https:\/\/fw-hardt.de\/index.php?rest_route=\/wp\/v2\/posts\/5214\/revisions\/5215"}],"wp:featuredmedia":[{"embeddable":true,"href":"https:\/\/fw-hardt.de\/index.php?rest_route=\/wp\/v2\/media\/5477"}],"wp:attachment":[{"href":"https:\/\/fw-hardt.de\/index.php?rest_route=%2Fwp%2Fv2%2Fmedia&parent=5214"}],"wp:term":[{"taxonomy":"category","embeddable":true,"href":"https:\/\/fw-hardt.de\/index.php?rest_route=%2Fwp%2Fv2%2Fcategories&post=5214"},{"taxonomy":"post_tag","embeddable":true,"href":"https:\/\/fw-hardt.de\/index.php?rest_route=%2Fwp%2Fv2%2Ftags&post=5214"}],"curies":[{"name":"wp","href":"https:\/\/api.w.org\/{rel}","templated":true}]}}