{"id":5211,"date":"2024-02-14T19:46:50","date_gmt":"2024-02-14T19:46:50","guid":{"rendered":"https:\/\/fw-hardt.de\/?p=5211"},"modified":"2024-02-14T19:47:48","modified_gmt":"2024-02-14T19:47:48","slug":"einsatz-014-2024-verkehrsunfall-auf-der-bab-61","status":"publish","type":"post","link":"https:\/\/fw-hardt.de\/?p=5211","title":{"rendered":"++++ Einsatz 013 \/ 2024 \u2013 Verkehrsunfall auf der BAB 61 ++++"},"content":{"rendered":"\n<p><em><a href=\"https:\/\/www.presseportal.de\/regional\/M%F6nchengladbach-Holt%2C%2014.02.2024%2C%2014%3A57%2C%20BAB%2061%20Fahrtrichtung%20Koblenz%20zwischen%20der%20Abfahrt%20Holt%20und%20Rheydt\">M\u00f6nchengladbach-Holt, 14.02.2024, 14:57, BAB 61 Fahrtrichtung Koblenz zwischen der Abfahrt Holt und Rheydt<\/a>&nbsp;(ots)<\/em><\/p>\n\n\n\n<p>Aus bislang unbekannter Ursache kam es am Mittwochnachmittag auf der BAB 61 in Fahrtrichtung Koblenz kurz hinter der Abfahrt Holt zu einem Alleinunfall eines PKW. Der mit einer Person besetzte Kleinwagen kam von der Fahrbahn ab, \u00fcberschlug sich mehrfach und blieb in einem benachbarten Feld auf dem Dach liegen. Die Fahrerin wurde bei dem Unfall im Fahrzeug eingeschlossen und musste durch die Feuerwehr mit hydraulischem Rettungsger\u00e4t befreit werden. Nach der Erstversorgung durch den Rettungsdienst der Feuerwehr vor Ort, wurde die Patientin zur weiteren Behandlung in ein M\u00f6nchengladbacher Krankenhaus gebracht. W\u00e4hrend der Rettungsarbeiten musste eine Fahrspur durch die Polizei gesperrt werden.<\/p>\n\n\n\n<p>Im Einsatz waren der L\u00f6sch- und Hilfeleistungsl\u00f6schzug der Feuer- und Rettungswache ll (Holt), der R\u00fcstwagen aus dem Technik- und Logistikzentrum (Holt), ein Rettungswagen, ein Notarzt, die Freiwillige Feuerwehr Einheit Hardt sowie der F\u00fchrungsdienst der Berufsfeuerwehr.<\/p>\n\n\n\n<p>Einsatzleiter: Brandamtmann Sebastian Teeuwen<\/p>\n\n\n\n<p><a href=\"https:\/\/www.presseportal.de\/blaulicht\/pm\/115879\/5714409#\">Kontaktdaten anzeigen<\/a><\/p>\n\n\n\n<p>Original-Content von: Feuerwehr M\u00f6nchengladbach, \u00fcbermittelt durch news aktuell<\/p>\n","protected":false},"excerpt":{"rendered":"<p>M\u00f6nchengladbach-Holt, 14.02.2024, 14:57, BAB 61 Fahrtrichtung Koblenz zwischen der Abfahrt Holt und Rheydt&nbsp;(ots) Aus bislang unbekannter Ursache kam es am Mittwochnachmittag auf der BAB 61 in Fahrtrichtung Koblenz kurz hinter [&hellip;]<\/p>\n","protected":false},"author":1,"featured_media":5477,"comment_status":"open","ping_status":"open","sticky":false,"template":"","format":"standard","meta":{"_et_pb_use_builder":"off","_et_pb_old_content":"","_et_gb_content_width":"","footnotes":""},"categories":[8],"tags":[],"class_list":["post-5211","post","type-post","status-publish","format-standard","has-post-thumbnail","hentry","category-einsaetze"],"_links":{"self":[{"href":"https:\/\/fw-hardt.de\/index.php?rest_route=\/wp\/v2\/posts\/5211","targetHints":{"allow":["GET"]}}],"collection":[{"href":"https:\/\/fw-hardt.de\/index.php?rest_route=\/wp\/v2\/posts"}],"about":[{"href":"https:\/\/fw-hardt.de\/index.php?rest_route=\/wp\/v2\/types\/post"}],"author":[{"embeddable":true,"href":"https:\/\/fw-hardt.de\/index.php?rest_route=\/wp\/v2\/users\/1"}],"replies":[{"embeddable":true,"href":"https:\/\/fw-hardt.de\/index.php?rest_route=%2Fwp%2Fv2%2Fcomments&post=5211"}],"version-history":[{"count":2,"href":"https:\/\/fw-hardt.de\/index.php?rest_route=\/wp\/v2\/posts\/5211\/revisions"}],"predecessor-version":[{"id":5213,"href":"https:\/\/fw-hardt.de\/index.php?rest_route=\/wp\/v2\/posts\/5211\/revisions\/5213"}],"wp:featuredmedia":[{"embeddable":true,"href":"https:\/\/fw-hardt.de\/index.php?rest_route=\/wp\/v2\/media\/5477"}],"wp:attachment":[{"href":"https:\/\/fw-hardt.de\/index.php?rest_route=%2Fwp%2Fv2%2Fmedia&parent=5211"}],"wp:term":[{"taxonomy":"category","embeddable":true,"href":"https:\/\/fw-hardt.de\/index.php?rest_route=%2Fwp%2Fv2%2Fcategories&post=5211"},{"taxonomy":"post_tag","embeddable":true,"href":"https:\/\/fw-hardt.de\/index.php?rest_route=%2Fwp%2Fv2%2Ftags&post=5211"}],"curies":[{"name":"wp","href":"https:\/\/api.w.org\/{rel}","templated":true}]}}