{"id":5204,"date":"2024-01-26T16:10:22","date_gmt":"2024-01-26T16:10:22","guid":{"rendered":"https:\/\/fw-hardt.de\/?p=5204"},"modified":"2025-05-09T10:03:39","modified_gmt":"2025-05-09T10:03:39","slug":"spende-grill","status":"publish","type":"post","link":"https:\/\/fw-hardt.de\/?p=5204","title":{"rendered":"Spende Grill"},"content":{"rendered":"\n<p>\u00dcber ein ganz besonderes Dankesch\u00f6n darf sich die Einheit Hardt der Freiwilligen Feuerwehr M\u00f6nchengladbach freuen:<br>Dem F\u00f6rderverein Hardter Kinderkarneval war es in Abstimmung mit dem Vorstand der KG Sp\u00f6nnradsbeen Hardt ein Bed\u00fcrfnis, DANKE zu sagen f\u00fcr die langj\u00e4hrige Unterst\u00fctzung bei der Durchf\u00fchrung des auch \u00fcber die Stadtgrenzen hinaus bekannten und beliebten Rosenmontagszuges in Hardt.<\/p>\n\n\n\n<p><br>Dessen Vorsitzender, Hermann Behrens, Sohn des langj\u00e4hrigen Einheitsf\u00fchrers Edmund Behrens, \u00fcberreichte zusammen mit Danny Fickert von der Firma Flammenpapst einen neuen Grill an die Einheit. M\u00f6glicherweise hat das lange Jahre vorgelebte Engagement seines Vaters als Ehrenamtler mit zu der Erkenntnis beigetragen, dass durch eine warme Grillwurst im Br\u00f6tchen sowohl der Wert des Ehrenamts als auch der Zusammenhalt der Kameradinnen und Kameraden zu st\u00e4rken ist. Bietet sich doch bei einem gem\u00fctlichen Grillfest die M\u00f6glichkeit, gemeinsame Erlebnisse Revue passieren zu lassen und damit das Gef\u00fcge einer solchen Gruppe auch auf zwischenmenschlicher Ebene zu erfahren und seinen Wert sch\u00e4tzen zu lernen.<\/p>\n\n\n\n<p><br>Mit der Firma Flammenpapst holten sich die Sp\u00f6nnradsbeener einen Experten an die Seite, der das n\u00f6tige Knowhow zum Thema Grill besitzt.<br>Gerne wird die Einheit Hardt auch in diesem Jahr, n\u00e4mlich am 12.02.2024, so selbstverst\u00e4ndlich wie von jeher den Rosenmontagszug des Ortes unterst\u00fctzen und begleiten, wenn es dann wieder hei\u00dft \u201eMaar Moot\u201c und die Besucher sich \u00fcber jede Menge Kamelle freuen d\u00fcrfen.<\/p>\n\n\n\n<p><\/p>\n\n\n\n<figure class=\"wp-block-image aligncenter size-large is-resized\"><img loading=\"lazy\" decoding=\"async\" width=\"1024\" height=\"683\" src=\"https:\/\/fw-hardt.de\/wp-content\/uploads\/2025\/05\/IMG_3998-scaled-1-1024x683.webp\" alt=\"\" class=\"wp-image-5502\" style=\"width:717px;height:auto\" srcset=\"https:\/\/fw-hardt.de\/wp-content\/uploads\/2025\/05\/IMG_3998-scaled-1-980x653.webp 980w, https:\/\/fw-hardt.de\/wp-content\/uploads\/2025\/05\/IMG_3998-scaled-1-480x320.webp 480w\" sizes=\"(min-width: 0px) and (max-width: 480px) 480px, (min-width: 481px) and (max-width: 980px) 980px, (min-width: 981px) 1024px, 100vw\" \/><figcaption class=\"wp-element-caption\">von links nach rechts, Simon Scheepers (Einheitsf\u00fchrer Freiwillige Feuerwehr Hardt) , Hermann Behrens (F\u00f6rderverein Hardter Kinderkarneval) und Danny Fickert (Firma Flammenpapst)<\/figcaption><\/figure>\n","protected":false},"excerpt":{"rendered":"<p>\u00dcber ein ganz besonderes Dankesch\u00f6n darf sich die Einheit Hardt der Freiwilligen Feuerwehr M\u00f6nchengladbach freuen:Dem F\u00f6rderverein Hardter Kinderkarneval war es in Abstimmung mit dem Vorstand der KG Sp\u00f6nnradsbeen Hardt ein [&hellip;]<\/p>\n","protected":false},"author":1,"featured_media":5502,"comment_status":"open","ping_status":"open","sticky":false,"template":"","format":"standard","meta":{"_et_pb_use_builder":"off","_et_pb_old_content":"","_et_gb_content_width":"","footnotes":""},"categories":[9],"tags":[],"class_list":["post-5204","post","type-post","status-publish","format-standard","has-post-thumbnail","hentry","category-aktuelles"],"_links":{"self":[{"href":"https:\/\/fw-hardt.de\/index.php?rest_route=\/wp\/v2\/posts\/5204","targetHints":{"allow":["GET"]}}],"collection":[{"href":"https:\/\/fw-hardt.de\/index.php?rest_route=\/wp\/v2\/posts"}],"about":[{"href":"https:\/\/fw-hardt.de\/index.php?rest_route=\/wp\/v2\/types\/post"}],"author":[{"embeddable":true,"href":"https:\/\/fw-hardt.de\/index.php?rest_route=\/wp\/v2\/users\/1"}],"replies":[{"embeddable":true,"href":"https:\/\/fw-hardt.de\/index.php?rest_route=%2Fwp%2Fv2%2Fcomments&post=5204"}],"version-history":[{"count":5,"href":"https:\/\/fw-hardt.de\/index.php?rest_route=\/wp\/v2\/posts\/5204\/revisions"}],"predecessor-version":[{"id":5504,"href":"https:\/\/fw-hardt.de\/index.php?rest_route=\/wp\/v2\/posts\/5204\/revisions\/5504"}],"wp:featuredmedia":[{"embeddable":true,"href":"https:\/\/fw-hardt.de\/index.php?rest_route=\/wp\/v2\/media\/5502"}],"wp:attachment":[{"href":"https:\/\/fw-hardt.de\/index.php?rest_route=%2Fwp%2Fv2%2Fmedia&parent=5204"}],"wp:term":[{"taxonomy":"category","embeddable":true,"href":"https:\/\/fw-hardt.de\/index.php?rest_route=%2Fwp%2Fv2%2Fcategories&post=5204"},{"taxonomy":"post_tag","embeddable":true,"href":"https:\/\/fw-hardt.de\/index.php?rest_route=%2Fwp%2Fv2%2Ftags&post=5204"}],"curies":[{"name":"wp","href":"https:\/\/api.w.org\/{rel}","templated":true}]}}