{"id":5090,"date":"2022-11-05T06:49:40","date_gmt":"2022-11-05T06:49:40","guid":{"rendered":"https:\/\/fw-hardt.de\/?p=5090"},"modified":"2022-11-05T06:49:45","modified_gmt":"2022-11-05T06:49:45","slug":"einsatz-128-2022-verkehrsunfall-im-autobahnkreuz-moenchengladbach","status":"publish","type":"post","link":"https:\/\/fw-hardt.de\/?p=5090","title":{"rendered":"++++ Einsatz 128 \/ 2022 \u2013 Verkehrsunfall im Autobahnkreuz M\u00f6nchengladbach ++++"},"content":{"rendered":"\n<p><em>M\u00f6nchengladbach, 04.11.2022, 08:44 Uhr, BAB 52-FR D\u00fcsseldorf<\/em><\/p>\n\n\n\n<p>Am fr\u00fchen Morgen kam es auf der BAB 52, Fahrtrichtung D\u00fcsseldorf, zu einem Verkehrsunfall mit einem beteiligten PKW. Der PKW hatte die Fahrspur nach rechts verlassen und kam nach ca. 30 Metern im Gr\u00fcnstreifen zu stehen. Die Insassen des PKW hatten vor Eintreffen der Einsatzkr\u00e4fte ihr KFZ bereits verlassen und wurden von einen Notarzt und einer Rettungswagenbesatzung untersucht. Sie waren zum Gl\u00fcck unverletzt und konnten an der Einsatzstelle verbleiben.<\/p>\n\n\n\n<p>Die Einsatzkr\u00e4fte der Feuerwehr sicherten die Rettungsarbeiten gegen den flie\u00dfenden Verkehr ab.<\/p>\n\n\n\n<p>Im Einsatz waren ein L\u00f6sch- und Hilfeleistungszug der Feuer- und Rettungswache II ( Holt), die Einheit Hardt der Freiwilligen Feuerwehr, ein Rettungswagen, ein Notarzt und der F\u00fchrungsdienst der Berufsfeuerwehr.<\/p>\n\n\n\n<p>Einsatzleiter: BA Christoph Wellen<\/p>\n\n\n\n<p>R\u00fcckfragen bitte an:<\/p>\n\n\n\n<p>Stadt M\u00f6nchengladbach<br>Fachbereich 37 &#8211; Feuerwehr<br>F\u00fchrungs- und Lagezentrum<br>Stockholtweg 132<br>41238 M\u00f6nchengladbach<br>Telefon: 02166\/9989-0<br>Fax: 02166\/9989-2114<br>E-Mail:&nbsp;<a href=\"mailto:leitstelle.feuerwehr@moenchengladbach.de\">leitstelle.feuerwehr@moenchengladbach.de<\/a><br><a target=\"_blank\" rel=\"noreferrer noopener\" href=\"http:\/\/www.feuerwehr-mg.de\/\">http:\/\/www.feuerwehr-mg.de\/<\/a><\/p>\n","protected":false},"excerpt":{"rendered":"<p>M\u00f6nchengladbach, 04.11.2022, 08:44 Uhr, BAB 52-FR D\u00fcsseldorf Am fr\u00fchen Morgen kam es auf der BAB 52, Fahrtrichtung D\u00fcsseldorf, zu einem Verkehrsunfall mit einem beteiligten PKW. Der PKW hatte die Fahrspur [&hellip;]<\/p>\n","protected":false},"author":3,"featured_media":5477,"comment_status":"open","ping_status":"open","sticky":false,"template":"","format":"standard","meta":{"_et_pb_use_builder":"off","_et_pb_old_content":"","_et_gb_content_width":"","footnotes":""},"categories":[8],"tags":[],"class_list":["post-5090","post","type-post","status-publish","format-standard","has-post-thumbnail","hentry","category-einsaetze"],"_links":{"self":[{"href":"https:\/\/fw-hardt.de\/index.php?rest_route=\/wp\/v2\/posts\/5090","targetHints":{"allow":["GET"]}}],"collection":[{"href":"https:\/\/fw-hardt.de\/index.php?rest_route=\/wp\/v2\/posts"}],"about":[{"href":"https:\/\/fw-hardt.de\/index.php?rest_route=\/wp\/v2\/types\/post"}],"author":[{"embeddable":true,"href":"https:\/\/fw-hardt.de\/index.php?rest_route=\/wp\/v2\/users\/3"}],"replies":[{"embeddable":true,"href":"https:\/\/fw-hardt.de\/index.php?rest_route=%2Fwp%2Fv2%2Fcomments&post=5090"}],"version-history":[{"count":2,"href":"https:\/\/fw-hardt.de\/index.php?rest_route=\/wp\/v2\/posts\/5090\/revisions"}],"predecessor-version":[{"id":5092,"href":"https:\/\/fw-hardt.de\/index.php?rest_route=\/wp\/v2\/posts\/5090\/revisions\/5092"}],"wp:featuredmedia":[{"embeddable":true,"href":"https:\/\/fw-hardt.de\/index.php?rest_route=\/wp\/v2\/media\/5477"}],"wp:attachment":[{"href":"https:\/\/fw-hardt.de\/index.php?rest_route=%2Fwp%2Fv2%2Fmedia&parent=5090"}],"wp:term":[{"taxonomy":"category","embeddable":true,"href":"https:\/\/fw-hardt.de\/index.php?rest_route=%2Fwp%2Fv2%2Fcategories&post=5090"},{"taxonomy":"post_tag","embeddable":true,"href":"https:\/\/fw-hardt.de\/index.php?rest_route=%2Fwp%2Fv2%2Ftags&post=5090"}],"curies":[{"name":"wp","href":"https:\/\/api.w.org\/{rel}","templated":true}]}}