{"id":4014,"date":"2020-10-30T16:18:53","date_gmt":"2020-10-30T16:18:53","guid":{"rendered":"https:\/\/fw-hardt.de\/?p=4014"},"modified":"2020-10-30T16:18:53","modified_gmt":"2020-10-30T16:18:53","slug":"einsatz-91-2020-kleinbrand-in-kueche","status":"publish","type":"post","link":"https:\/\/fw-hardt.de\/?p=4014","title":{"rendered":"++++ Einsatz 91 \/ 2020 &#8211; Kleinbrand in K\u00fcche ++++"},"content":{"rendered":"<h2>Kleinbrand in K\u00fcche<\/h2>\n<p><i>M\u00f6nchengladbach-Hardt, 30.10.2020, 14:02 Uhr, Frankenfeld\u00a0(ots)<\/i><\/p>\n<p>Am heutigen fr\u00fchen Nachmittag wurde die Feuerwehr zu einem Kleinbrand in einer K\u00fcche in ein Mehrfamilienhaus alarmiert. Die eintreffenden Einsatzkr\u00e4fte konnten schnell Entwarnung geben. Ein Nachbar hatte den Brand bereits gel\u00f6scht und die Mieter aus der Wohnung geholt. Den Einsatzkr\u00e4ften blieb lediglich die Aufgabe den entstandenen Brandrauch aus der Wohnung zu entfernen. Der Brandbereich wurde zur Sicherheit auch mittels einer W\u00e4rmebildkamera kontrolliert. Die Mieter der Wohnung, darunter ein Kleinkind, wurden durch einen Notarzt untersucht und durch einen Rettungswagen vorsorglich in ein Krankenhaus transportiert.<\/p>\n<p>Im Einsatz waren der L\u00f6schzug der Feuer- und Rettungswache II (Holt), ein L\u00f6schfahrzeug der FRW I (Neuwerk), die Einheit Hardt der Freiwilligen Feuerwehr, ein Notarzt und zwei Rettungswagen sowie der F\u00fchrungsdienst der Berufsfeuerwehr.<\/p>\n<p>Einsatzleiter: Brandamtmann Holger Coenen<\/p>\n<p>R\u00fcckfragen bitte an:<\/p>\n<p>Stadt M\u00f6nchengladbach<br \/>\nFachbereich 37 &#8211; Feuerwehr<br \/>\nF\u00fchrungs- und Lagezentrum<br \/>\nStockholtweg 132<br \/>\n41238 M\u00f6nchengladbach<br \/>\nTelefon: 02166\/9989-0<br \/>\nFax: 02166\/9989-2114<br \/>\nPressebetreuung: 02166\/9786535<br \/>\nE-Mail:\u00a0leitstelle.feuerwehr@moenchengladbach.de<br \/>\nhttp:\/\/www.feuerwehr-mg.de\/<\/p>\n","protected":false},"excerpt":{"rendered":"<p>Kleinbrand in K\u00fcche M\u00f6nchengladbach-Hardt, 30.10.2020, 14:02 Uhr, Frankenfeld\u00a0(ots) Am heutigen fr\u00fchen Nachmittag wurde die Feuerwehr zu einem Kleinbrand in einer K\u00fcche in ein Mehrfamilienhaus alarmiert. Die eintreffenden Einsatzkr\u00e4fte konnten schnell [&hellip;]<\/p>\n","protected":false},"author":1,"featured_media":3133,"comment_status":"closed","ping_status":"closed","sticky":false,"template":"","format":"standard","meta":{"_et_pb_use_builder":"","_et_pb_old_content":"","_et_gb_content_width":"","footnotes":""},"categories":[8],"tags":[],"class_list":["post-4014","post","type-post","status-publish","format-standard","has-post-thumbnail","hentry","category-einsaetze"],"_links":{"self":[{"href":"https:\/\/fw-hardt.de\/index.php?rest_route=\/wp\/v2\/posts\/4014","targetHints":{"allow":["GET"]}}],"collection":[{"href":"https:\/\/fw-hardt.de\/index.php?rest_route=\/wp\/v2\/posts"}],"about":[{"href":"https:\/\/fw-hardt.de\/index.php?rest_route=\/wp\/v2\/types\/post"}],"author":[{"embeddable":true,"href":"https:\/\/fw-hardt.de\/index.php?rest_route=\/wp\/v2\/users\/1"}],"replies":[{"embeddable":true,"href":"https:\/\/fw-hardt.de\/index.php?rest_route=%2Fwp%2Fv2%2Fcomments&post=4014"}],"version-history":[{"count":0,"href":"https:\/\/fw-hardt.de\/index.php?rest_route=\/wp\/v2\/posts\/4014\/revisions"}],"wp:featuredmedia":[{"embeddable":true,"href":"https:\/\/fw-hardt.de\/index.php?rest_route=\/"}],"wp:attachment":[{"href":"https:\/\/fw-hardt.de\/index.php?rest_route=%2Fwp%2Fv2%2Fmedia&parent=4014"}],"wp:term":[{"taxonomy":"category","embeddable":true,"href":"https:\/\/fw-hardt.de\/index.php?rest_route=%2Fwp%2Fv2%2Fcategories&post=4014"},{"taxonomy":"post_tag","embeddable":true,"href":"https:\/\/fw-hardt.de\/index.php?rest_route=%2Fwp%2Fv2%2Ftags&post=4014"}],"curies":[{"name":"wp","href":"https:\/\/api.w.org\/{rel}","templated":true}]}}