{"id":4011,"date":"2020-09-12T20:57:02","date_gmt":"2020-09-12T20:57:02","guid":{"rendered":"https:\/\/fw-hardt.de\/?p=4011"},"modified":"2020-09-12T20:57:02","modified_gmt":"2020-09-12T20:57:02","slug":"einsatz-81-2020-verkehrsunfall-eine-verletzte-person","status":"publish","type":"post","link":"https:\/\/fw-hardt.de\/?p=4011","title":{"rendered":"++++ Einsatz 81 \/ 2020 &#8211; Verkehrsunfall &#8211; eine verletzte Person ++++"},"content":{"rendered":"<h2>Verkehrsunfall &#8211; eine verletzte Person<\/h2>\n<p><i>M\u00f6nchengladbach-Bundesautobahn, 12.09.2020, 13:18 Uhr, BAB61\u00a0(ots)<\/i><\/p>\n<p>Auf der BAB 61, in Fahrtrichtung Venlo, ereignete sich heute im Autobahnkreuz M\u00f6nchengladbach ein Verkehrsunfall. Ein PKW fuhr aus noch zu kl\u00e4renden Gr\u00fcnden auf einen Sattelauflieger auf. Dabei wurde eine m\u00e4nnliche Person mittelschwer verletzt.<\/p>\n<p>Beim Eintreffen der Einsatzkr\u00e4fte hatten Ersthelfer die Unfallstelle bereits vorbildlich gesichert und sich um den beteiligten Unfallfahrer gek\u00fcmmert. Hier stand ein PKW mit starker Frontdeformation auf dem Seitenstreifen an der Leitplanke. Auf dem Fahrersitz sa\u00df der verletzte Fahrer. Im Fahrzeug hatten die Sicherheitssysteme, u. a. der Airbag ausgel\u00f6st. Der beteiligte LKW stand ca. 15 m entfernt auf dem rechten Fahrstreifen. Er war am Heck stark besch\u00e4digt. Im Unfallstellenbereich war auf einer L\u00e4nge von ca. 50 m Hydraulik\u00f6l auf die Fahrbahn gelaufen. Das Hydraulik\u00f6l stammte vom besch\u00e4digten Hecklifter des LKW. Der Fahrer stand unverletzt an der Leitplanke.<\/p>\n<p>Durch die Rettungsdienstkr\u00e4fte erfolgte eine notfallm\u00e4\u00dfige Versorgung des verletzten PKW Fahrers. Dann wurde er zur weiteren Behandlung und Untersuchung in ein st\u00e4dtisches Krankenhaus transportiert. Die Feuerwehrkr\u00e4fte sicherten umfangreich die Unfallstelle ab, unterst\u00fctzten die Rettungsdienstkr\u00e4fte bei der Patientenversorgung und streuten das Hydraulik\u00f6l mit Spezialbindemittel ab. Anschlie\u00dfend wurde, zur fachgerechten Beseitigung der Rutsch- und Umweltgefahr durch das ausgelaufene Hydraulik\u00f6l, eine Spezialfirma angefordert. Weitere Ma\u00dfnahmen waren durch die Feuerwehr nicht erforderlich.<\/p>\n<p>Hinsichtlich der Ermittlung der Unfallursache hat die Autobahnpolizei die Ermittlungen eingeleitet.<\/p>\n<p>Im Einsatz waren der Hilfeleistungszug der Feuer- und Rettungswache II (Holt), der R\u00fcstwagen aus dem Technik- und Logistikzentrum (Holt), die Einheit Hardt der Freiwilligen Feuerwehr, ein Rettungswagen, ein Notarzteinsatzfahrzeug und der F\u00fchrungsdienst der Berufsfeuerwehr.<\/p>\n<p>Einsatzleiter: Brandamtmann Heinrich Roemgens<\/p>\n<p>R\u00fcckfragen bitte an:<\/p>\n<p>Stadt M\u00f6nchengladbach<br \/>\nFachbereich 37 &#8211; Feuerwehr<br \/>\nF\u00fchrungs- und Lagezentrum<br \/>\nStockholtweg 132<br \/>\n41238 M\u00f6nchengladbach<br \/>\nTelefon: 02166\/9989-0<br \/>\nFax: 02166\/9989-2114<br \/>\nPressebetreuung: 02166\/9786535<br \/>\nE-Mail:\u00a0leitstelle.feuerwehr@moenchengladbach.de<br \/>\nhttp:\/\/www.feuerwehr-mg.de\/<\/p>\n","protected":false},"excerpt":{"rendered":"<p>Verkehrsunfall &#8211; eine verletzte Person M\u00f6nchengladbach-Bundesautobahn, 12.09.2020, 13:18 Uhr, BAB61\u00a0(ots) Auf der BAB 61, in Fahrtrichtung Venlo, ereignete sich heute im Autobahnkreuz M\u00f6nchengladbach ein Verkehrsunfall. Ein PKW fuhr aus noch [&hellip;]<\/p>\n","protected":false},"author":1,"featured_media":3223,"comment_status":"closed","ping_status":"closed","sticky":false,"template":"","format":"standard","meta":{"_et_pb_use_builder":"","_et_pb_old_content":"","_et_gb_content_width":"","footnotes":""},"categories":[8],"tags":[],"class_list":["post-4011","post","type-post","status-publish","format-standard","has-post-thumbnail","hentry","category-einsaetze"],"_links":{"self":[{"href":"https:\/\/fw-hardt.de\/index.php?rest_route=\/wp\/v2\/posts\/4011","targetHints":{"allow":["GET"]}}],"collection":[{"href":"https:\/\/fw-hardt.de\/index.php?rest_route=\/wp\/v2\/posts"}],"about":[{"href":"https:\/\/fw-hardt.de\/index.php?rest_route=\/wp\/v2\/types\/post"}],"author":[{"embeddable":true,"href":"https:\/\/fw-hardt.de\/index.php?rest_route=\/wp\/v2\/users\/1"}],"replies":[{"embeddable":true,"href":"https:\/\/fw-hardt.de\/index.php?rest_route=%2Fwp%2Fv2%2Fcomments&post=4011"}],"version-history":[{"count":0,"href":"https:\/\/fw-hardt.de\/index.php?rest_route=\/wp\/v2\/posts\/4011\/revisions"}],"wp:featuredmedia":[{"embeddable":true,"href":"https:\/\/fw-hardt.de\/index.php?rest_route=\/"}],"wp:attachment":[{"href":"https:\/\/fw-hardt.de\/index.php?rest_route=%2Fwp%2Fv2%2Fmedia&parent=4011"}],"wp:term":[{"taxonomy":"category","embeddable":true,"href":"https:\/\/fw-hardt.de\/index.php?rest_route=%2Fwp%2Fv2%2Fcategories&post=4011"},{"taxonomy":"post_tag","embeddable":true,"href":"https:\/\/fw-hardt.de\/index.php?rest_route=%2Fwp%2Fv2%2Ftags&post=4011"}],"curies":[{"name":"wp","href":"https:\/\/api.w.org\/{rel}","templated":true}]}}