{"id":4001,"date":"2020-08-16T07:16:16","date_gmt":"2020-08-16T07:16:16","guid":{"rendered":"https:\/\/fw-hardt.de\/?p=4001"},"modified":"2020-08-16T07:16:16","modified_gmt":"2020-08-16T07:16:16","slug":"einsatz-73-2020-mehrere-verletzte-personen-nach-brand-im-treppenhaus","status":"publish","type":"post","link":"https:\/\/fw-hardt.de\/?p=4001","title":{"rendered":"++++ Einsatz 73 \/ 2020 &#8211; Mehrere verletzte Personen nach Brand im Treppenhaus ++++"},"content":{"rendered":"<h2>Mehrere verletzte Personen nach Brand im Treppenhaus<\/h2>\n<p><i>M\u00f6nchengladbach-Innenstadt, 15.08.2020, 19:00 Uhr, L\u00fcpertzender Strasse\u00a0(ots)<\/i><\/p>\n<p>Nahezu zeitgleich zum Brandereignis auf der Regentenstrasse wurde der Leitstelle der Feuerwehr \u00fcber die Polizei ein Brandereignis auf der L\u00fcpertzender Strasse gemeldet.<\/p>\n<p>Beim Eintreffen stellten die Einsatzkr\u00e4fte eine starke Rauchentwicklung aus mehreren \u00d6ffnungen eines mehrgeschossigen Wohnhauses fest. Im ersten Obergeschoss drohten 2 Personen in Panik aus dem Fenster zu springen. Polizeibeamte wirkten beruhigend auf die Personen ein. Auf der R\u00fcckseite des Geb\u00e4udes machten sich weitere, zwei Personen im 3. Obergeschoss am Fenster einer Wohnung bemerkbar.<\/p>\n<p>Die Einsatzkr\u00e4fte brachten vorsorglich ein Sprungpolster vor dem Geb\u00e4ude in Stellung, retteten zwei Personen \u00fcber Drehleiter und zwei weitere Personen mit Fluchthauben durch das Treppenhaus. Eine weitere, verletzte Person befand sich auf der Stra\u00dfe. Das Feuer im Treppenhaus wurde schnell gel\u00f6scht. Das Treppenhaus und zwei Wohnungen waren stark verraucht und mu\u00dften aufwendig entraucht werden, die \u00fcbrigen Wohnungen wurden von den Einsatzkr\u00e4ften kontrolliert, waren jedoch rauchfrei. Von den 5 Patienten wurden 3 Patienten mit leichten Rauchgasverletzungen ins Krankenhaus transportiert. Die Wohnungen und das Treppenhaus sind durch den entstandenen Brandrauch bis auf Weiteres nicht bewohnbar. Die Einsatzstelle wurde der Polizei \u00fcbergeben.<\/p>\n<p>Im Einsatz waren der L\u00f6sch- und Hilfeleistungszug der Feuer- und Rettungswache III, die Drehleiter der Feuer- und Rettungswache II, die Einheiten der Freiwilligen Feuerwehr Stadtmitte, Hardt und Rheydt, 7 Rettungswagen, 2 Notarzteinsatzfahrzeuge, der Leitende Notarzt und der F\u00fchrungsdienst der Feuerwehr.<\/p>\n<p>Einsatzleiter: Brandrat Josef Straetmans<\/p>\n<p>R\u00fcckfragen bitte an:<\/p>\n<p>Stadt M\u00f6nchengladbach<br \/>\nFachbereich 37 &#8211; Feuerwehr<br \/>\nF\u00fchrungs- und Lagezentrum<br \/>\nStockholtweg 132<br \/>\n41238 M\u00f6nchengladbach<br \/>\nTelefon: 02166\/9989-0<br \/>\nFax: 02166\/9989-2114<br \/>\nPressebetreuung: 02166\/9786535<br \/>\nE-Mail:\u00a0<a class=\"uri-mailto\" href=\"mailto:leitstelle.feuerwehr@moenchengladbach.de\">leitstelle.feuerwehr@moenchengladbach.de<\/a><br \/>\n<a class=\"uri-ext outbound\" href=\"http:\/\/www.feuerwehr-mg.de\/\" target=\"_blank\" rel=\"noopener noreferrer\">http:\/\/www.feuerwehr-mg.de\/<\/a><\/p>\n","protected":false},"excerpt":{"rendered":"<p>Mehrere verletzte Personen nach Brand im Treppenhaus M\u00f6nchengladbach-Innenstadt, 15.08.2020, 19:00 Uhr, L\u00fcpertzender Strasse\u00a0(ots) Nahezu zeitgleich zum Brandereignis auf der Regentenstrasse wurde der Leitstelle der Feuerwehr \u00fcber die Polizei ein Brandereignis [&hellip;]<\/p>\n","protected":false},"author":1,"featured_media":3714,"comment_status":"closed","ping_status":"closed","sticky":false,"template":"","format":"standard","meta":{"_et_pb_use_builder":"","_et_pb_old_content":"","_et_gb_content_width":"","footnotes":""},"categories":[8],"tags":[],"class_list":["post-4001","post","type-post","status-publish","format-standard","has-post-thumbnail","hentry","category-einsaetze"],"_links":{"self":[{"href":"https:\/\/fw-hardt.de\/index.php?rest_route=\/wp\/v2\/posts\/4001","targetHints":{"allow":["GET"]}}],"collection":[{"href":"https:\/\/fw-hardt.de\/index.php?rest_route=\/wp\/v2\/posts"}],"about":[{"href":"https:\/\/fw-hardt.de\/index.php?rest_route=\/wp\/v2\/types\/post"}],"author":[{"embeddable":true,"href":"https:\/\/fw-hardt.de\/index.php?rest_route=\/wp\/v2\/users\/1"}],"replies":[{"embeddable":true,"href":"https:\/\/fw-hardt.de\/index.php?rest_route=%2Fwp%2Fv2%2Fcomments&post=4001"}],"version-history":[{"count":0,"href":"https:\/\/fw-hardt.de\/index.php?rest_route=\/wp\/v2\/posts\/4001\/revisions"}],"wp:featuredmedia":[{"embeddable":true,"href":"https:\/\/fw-hardt.de\/index.php?rest_route=\/"}],"wp:attachment":[{"href":"https:\/\/fw-hardt.de\/index.php?rest_route=%2Fwp%2Fv2%2Fmedia&parent=4001"}],"wp:term":[{"taxonomy":"category","embeddable":true,"href":"https:\/\/fw-hardt.de\/index.php?rest_route=%2Fwp%2Fv2%2Fcategories&post=4001"},{"taxonomy":"post_tag","embeddable":true,"href":"https:\/\/fw-hardt.de\/index.php?rest_route=%2Fwp%2Fv2%2Ftags&post=4001"}],"curies":[{"name":"wp","href":"https:\/\/api.w.org\/{rel}","templated":true}]}}