{"id":3996,"date":"2020-08-08T05:45:01","date_gmt":"2020-08-08T05:45:01","guid":{"rendered":"https:\/\/fw-hardt.de\/?p=3996"},"modified":"2020-08-08T05:45:01","modified_gmt":"2020-08-08T05:45:01","slug":"einsatz-70-2020-verkehrsunfall-mit-mehreren-fahrzeugen","status":"publish","type":"post","link":"https:\/\/fw-hardt.de\/?p=3996","title":{"rendered":"++++ Einsatz 70 \/ 2020 &#8211; Verkehrsunfall mit mehreren Fahrzeugen ++++"},"content":{"rendered":"<h2>Verkehrsunfall mit mehreren Fahrzeugen<\/h2>\n<p><i>M\u00f6nchengladbach-BAB A 61, 07.08.2020, 21:16 Uhr, Fahrtrichtung Venlo hinter AS Holt\u00a0(ots)<\/i><\/p>\n<p>Am Abend des 7. August d. J. alarmierten mehrere Zeugen die Feuerwehr M\u00f6nchengladbach \u00fcber den Notruf 112 zu einem Verkehrsunfall mit insgesamt drei beteiligten Pkw auf die BAB A 61 in Fahrtrichtung Venlo. Dort waren aus bislang ungekl\u00e4rter Ursache drei Pkw im Bereich der Anschlussstelle Holt kollidiert. An allen Fahrzeugen entstanden gr\u00f6\u00dfere Sch\u00e4den, an einem Fahrzeug riss die Vorderachse samt Bereifung ab und blieb auf dem rechten Fahrstreifen liegen. Alle Insassen wurden vor Ort durch einen Notarzt und den Besatzungen von insgesamt zwei Rettungswagen untersucht. Keiner der Insassen musste in ein Notfallkrankenhaus transportiert werden. Die Einsatzkr\u00e4fte der Feuerwehr sicherten die weit voneinander zum Stillstand gekommenen Fahrzeugen mit Verkehrssicherungsger\u00e4ten ab. Die Autobahnpolizei sperrte f\u00fcr die Zeitdauer des Einsatzes die rechte Fahrspur ab der Anschlussstelle Holt.<\/p>\n<p>Im Einsatz waren der L\u00f6sch- und Hilfeleistungszug der Feuer- und Rettungswache II (Holt), ein R\u00fcstwagen, die Einheit Hardt der Freiwilligen Feuerwehr, ein Notarzt und 2 Rettungswagen sowie der F\u00fchrungsdienst der Berufsfeuerwehr.<\/p>\n<p>Einsatzleiter: Holger Coenen Brandamtmann<\/p>\n<p>R\u00fcckfragen bitte an:<\/p>\n<p>Stadt M\u00f6nchengladbach<br \/>\nFachbereich 37 &#8211; Feuerwehr<br \/>\nF\u00fchrungs- und Lagezentrum<br \/>\nStockholtweg 132<br \/>\n41238 M\u00f6nchengladbach<br \/>\nTelefon: 02166\/9989-0<br \/>\nFax: 02166\/9989-2114<br \/>\nPressebetreuung: 02166\/9786535<br \/>\nE-Mail:\u00a0<a class=\"uri-mailto\" href=\"mailto:leitstelle.feuerwehr@moenchengladbach.de\">leitstelle.feuerwehr@moenchengladbach.de<\/a><br \/>\n<a class=\"uri-ext outbound\" href=\"http:\/\/www.feuerwehr-mg.de\/\" target=\"_blank\" rel=\"noopener noreferrer\">http:\/\/www.feuerwehr-mg.de\/<\/a><\/p>\n","protected":false},"excerpt":{"rendered":"<p>Verkehrsunfall mit mehreren Fahrzeugen M\u00f6nchengladbach-BAB A 61, 07.08.2020, 21:16 Uhr, Fahrtrichtung Venlo hinter AS Holt\u00a0(ots) Am Abend des 7. August d. J. alarmierten mehrere Zeugen die Feuerwehr M\u00f6nchengladbach \u00fcber den [&hellip;]<\/p>\n","protected":false},"author":1,"featured_media":3710,"comment_status":"closed","ping_status":"closed","sticky":false,"template":"","format":"standard","meta":{"_et_pb_use_builder":"","_et_pb_old_content":"","_et_gb_content_width":"","footnotes":""},"categories":[8],"tags":[],"class_list":["post-3996","post","type-post","status-publish","format-standard","has-post-thumbnail","hentry","category-einsaetze"],"_links":{"self":[{"href":"https:\/\/fw-hardt.de\/index.php?rest_route=\/wp\/v2\/posts\/3996","targetHints":{"allow":["GET"]}}],"collection":[{"href":"https:\/\/fw-hardt.de\/index.php?rest_route=\/wp\/v2\/posts"}],"about":[{"href":"https:\/\/fw-hardt.de\/index.php?rest_route=\/wp\/v2\/types\/post"}],"author":[{"embeddable":true,"href":"https:\/\/fw-hardt.de\/index.php?rest_route=\/wp\/v2\/users\/1"}],"replies":[{"embeddable":true,"href":"https:\/\/fw-hardt.de\/index.php?rest_route=%2Fwp%2Fv2%2Fcomments&post=3996"}],"version-history":[{"count":0,"href":"https:\/\/fw-hardt.de\/index.php?rest_route=\/wp\/v2\/posts\/3996\/revisions"}],"wp:featuredmedia":[{"embeddable":true,"href":"https:\/\/fw-hardt.de\/index.php?rest_route=\/"}],"wp:attachment":[{"href":"https:\/\/fw-hardt.de\/index.php?rest_route=%2Fwp%2Fv2%2Fmedia&parent=3996"}],"wp:term":[{"taxonomy":"category","embeddable":true,"href":"https:\/\/fw-hardt.de\/index.php?rest_route=%2Fwp%2Fv2%2Fcategories&post=3996"},{"taxonomy":"post_tag","embeddable":true,"href":"https:\/\/fw-hardt.de\/index.php?rest_route=%2Fwp%2Fv2%2Ftags&post=3996"}],"curies":[{"name":"wp","href":"https:\/\/api.w.org\/{rel}","templated":true}]}}