{"id":3906,"date":"2020-04-25T15:23:49","date_gmt":"2020-04-25T15:23:49","guid":{"rendered":"https:\/\/fw-hardt.de\/?p=3906"},"modified":"2020-04-25T15:23:49","modified_gmt":"2020-04-25T15:23:49","slug":"einsatz-44-2020-ueberoertliche-hilfeleistung-waldbrand","status":"publish","type":"post","link":"https:\/\/fw-hardt.de\/?p=3906","title":{"rendered":"++++ Einsatz 44 \/ 2020 \u2013 \u00dcber\u00f6rtliche Hilfeleistung Waldbrand ++++"},"content":{"rendered":"<p>21.04.2020, 21:15 Uhr \u2013 \u00dcber\u00f6rtliche Hilfeleistung Waldbrand, De Meinweg (NL) \/ Niederkr\u00fcchten-Elmpt (D)<\/p>\n<p>Die zweite Nacht in Folge ist das TLF3000 der FF-Hardt mit weiteren Kr\u00e4ften und Fahrzeugen aus M\u00f6nchengladbach im Deutsch-Niederl\u00e4ndischen Grenzgebiet im Einsatz.<\/p>\n","protected":false},"excerpt":{"rendered":"<p>21.04.2020, 21:15 Uhr \u2013 \u00dcber\u00f6rtliche Hilfeleistung Waldbrand, De Meinweg (NL) \/ Niederkr\u00fcchten-Elmpt (D) Die zweite Nacht in Folge ist das TLF3000 der FF-Hardt mit weiteren Kr\u00e4ften und Fahrzeugen aus M\u00f6nchengladbach [&hellip;]<\/p>\n","protected":false},"author":1,"featured_media":3437,"comment_status":"closed","ping_status":"closed","sticky":false,"template":"","format":"standard","meta":{"_et_pb_use_builder":"","_et_pb_old_content":"","_et_gb_content_width":"","footnotes":""},"categories":[8],"tags":[],"class_list":["post-3906","post","type-post","status-publish","format-standard","has-post-thumbnail","hentry","category-einsaetze"],"_links":{"self":[{"href":"https:\/\/fw-hardt.de\/index.php?rest_route=\/wp\/v2\/posts\/3906","targetHints":{"allow":["GET"]}}],"collection":[{"href":"https:\/\/fw-hardt.de\/index.php?rest_route=\/wp\/v2\/posts"}],"about":[{"href":"https:\/\/fw-hardt.de\/index.php?rest_route=\/wp\/v2\/types\/post"}],"author":[{"embeddable":true,"href":"https:\/\/fw-hardt.de\/index.php?rest_route=\/wp\/v2\/users\/1"}],"replies":[{"embeddable":true,"href":"https:\/\/fw-hardt.de\/index.php?rest_route=%2Fwp%2Fv2%2Fcomments&post=3906"}],"version-history":[{"count":0,"href":"https:\/\/fw-hardt.de\/index.php?rest_route=\/wp\/v2\/posts\/3906\/revisions"}],"wp:featuredmedia":[{"embeddable":true,"href":"https:\/\/fw-hardt.de\/index.php?rest_route=\/"}],"wp:attachment":[{"href":"https:\/\/fw-hardt.de\/index.php?rest_route=%2Fwp%2Fv2%2Fmedia&parent=3906"}],"wp:term":[{"taxonomy":"category","embeddable":true,"href":"https:\/\/fw-hardt.de\/index.php?rest_route=%2Fwp%2Fv2%2Fcategories&post=3906"},{"taxonomy":"post_tag","embeddable":true,"href":"https:\/\/fw-hardt.de\/index.php?rest_route=%2Fwp%2Fv2%2Ftags&post=3906"}],"curies":[{"name":"wp","href":"https:\/\/api.w.org\/{rel}","templated":true}]}}