{"id":3904,"date":"2020-04-25T15:23:13","date_gmt":"2020-04-25T15:23:13","guid":{"rendered":"https:\/\/fw-hardt.de\/?p=3904"},"modified":"2020-04-25T15:23:13","modified_gmt":"2020-04-25T15:23:13","slug":"einsatz-43-2020-ueberoertliche-hilfeleistung-waldbrand","status":"publish","type":"post","link":"https:\/\/fw-hardt.de\/?p=3904","title":{"rendered":"++++ Einsatz 43 \/ 2020 \u2013 \u00dcber\u00f6rtliche Hilfeleistung Waldbrand ++++"},"content":{"rendered":"<p>20.04.2020, 19:30 Uhr \u2013 \u00dcber\u00f6rtliche Hilfeleistung Waldbrand, De Meinweg (NL) \/ Wassenberg (D)<\/p>\n<p>Im Rahmen der \u00fcber\u00f6rtlichen Hilfeleistung war das TLF3000 der FF-Hardt mit weiteren Kr\u00e4ften und Fahrzeugen aus M\u00f6nchengladbach im Deutsch-Niederl\u00e4ndischen Grenzgebiet in der Nacht im Einsatz.<\/p>\n","protected":false},"excerpt":{"rendered":"<p>20.04.2020, 19:30 Uhr \u2013 \u00dcber\u00f6rtliche Hilfeleistung Waldbrand, De Meinweg (NL) \/ Wassenberg (D) Im Rahmen der \u00fcber\u00f6rtlichen Hilfeleistung war das TLF3000 der FF-Hardt mit weiteren Kr\u00e4ften und Fahrzeugen aus M\u00f6nchengladbach [&hellip;]<\/p>\n","protected":false},"author":1,"featured_media":2422,"comment_status":"closed","ping_status":"closed","sticky":false,"template":"","format":"standard","meta":{"_et_pb_use_builder":"","_et_pb_old_content":"","_et_gb_content_width":"","footnotes":""},"categories":[8],"tags":[],"class_list":["post-3904","post","type-post","status-publish","format-standard","has-post-thumbnail","hentry","category-einsaetze"],"_links":{"self":[{"href":"https:\/\/fw-hardt.de\/index.php?rest_route=\/wp\/v2\/posts\/3904","targetHints":{"allow":["GET"]}}],"collection":[{"href":"https:\/\/fw-hardt.de\/index.php?rest_route=\/wp\/v2\/posts"}],"about":[{"href":"https:\/\/fw-hardt.de\/index.php?rest_route=\/wp\/v2\/types\/post"}],"author":[{"embeddable":true,"href":"https:\/\/fw-hardt.de\/index.php?rest_route=\/wp\/v2\/users\/1"}],"replies":[{"embeddable":true,"href":"https:\/\/fw-hardt.de\/index.php?rest_route=%2Fwp%2Fv2%2Fcomments&post=3904"}],"version-history":[{"count":0,"href":"https:\/\/fw-hardt.de\/index.php?rest_route=\/wp\/v2\/posts\/3904\/revisions"}],"wp:featuredmedia":[{"embeddable":true,"href":"https:\/\/fw-hardt.de\/index.php?rest_route=\/"}],"wp:attachment":[{"href":"https:\/\/fw-hardt.de\/index.php?rest_route=%2Fwp%2Fv2%2Fmedia&parent=3904"}],"wp:term":[{"taxonomy":"category","embeddable":true,"href":"https:\/\/fw-hardt.de\/index.php?rest_route=%2Fwp%2Fv2%2Fcategories&post=3904"},{"taxonomy":"post_tag","embeddable":true,"href":"https:\/\/fw-hardt.de\/index.php?rest_route=%2Fwp%2Fv2%2Ftags&post=3904"}],"curies":[{"name":"wp","href":"https:\/\/api.w.org\/{rel}","templated":true}]}}