{"id":3896,"date":"2020-04-17T19:18:11","date_gmt":"2020-04-17T19:18:11","guid":{"rendered":"https:\/\/fw-hardt.de\/?p=3896"},"modified":"2020-04-17T19:18:11","modified_gmt":"2020-04-17T19:18:11","slug":"einsatz-40-2020-verkehrsunfall-auf-der-bab","status":"publish","type":"post","link":"https:\/\/fw-hardt.de\/?p=3896","title":{"rendered":"++++ Einsatz 40\/2020 &#8211; Verkehrsunfall auf der BAB ++++"},"content":{"rendered":"<p class=\"customer\">Feuerwehr M\u00f6nchengladbach<\/p>\n<h2>FW-MG: Verkehrsunfall auf der BAB<\/h2>\n<p><i>M\u00f6nchengladbach, 17.04.2020, 17:43 Uhr, BAB 61\u00a0(ots)<\/i><\/p>\n<p>Am fr\u00fchen Abend wurde die Feuerwehr M\u00f6nchengladbach zu einem Verkehrsunfall auf der Bundesautobahn 61 (BAB 61), in Fahrtrichtung Koblenz, kurz hinter dem AK M\u00f6nchengladbach alarmiert. Aus bisher unbekannter Ursache ist es zu einem Unfall zwischen 2 PKW gekommen. Ein PKW kam von der Fahrbahn ab, \u00fcberschlug sich und kam anschlie\u00dfend auf der rechten Fahrspur zum Stehen. Die beiden Insassen mussten durch Einsatzkr\u00e4fte der Feuerwehr notfallmedizinisch versorgt werden. Anschlie\u00dfend wurden sie mit Rettungswagen in die umliegenden Notfallkrankenh\u00e4user transportiert. Im zweiten PKW war eine Mutter mit ihren beiden Kleinkindern. Sie wurden ebenfalls zur weiteren Behandlung mit leichten Verletzungen in ein Krankenhaus gebracht. W\u00e4hrend der Rettungs- und Bergungsma\u00dfnahmen musste die rechte Fahrspur gesperrt werden. Im Einsatz waren der L\u00f6sch- und Hilfeleistungszug der Feuer- und Rettungswache II (Holt), ein R\u00fcstwagen aus dem Technik- und Logistikzentrum, die Einheit Hardt der Freiwilligen Feuerwehr, 4 Rettungswagen, 1 Notarzteinsatzfahrzeug und der F\u00fchrungsdienst der Feuerwehr M\u00f6nchengladbach.<\/p>\n<p>Einsatzleiter: Brandamtsrat Markus Hallen<\/p>\n<p>R\u00fcckfragen bitte an:<\/p>\n<p>Stadt M\u00f6nchengladbach<br \/>\nFachbereich 37 &#8211; Feuerwehr<br \/>\nF\u00fchrungs- und Lagezentrum<br \/>\nStockholtweg 132<br \/>\n41238 M\u00f6nchengladbach<br \/>\nTelefon: 02166\/9989-0<br \/>\nFax: 02166\/9989-2114<br \/>\nPressebetreuung: 02166\/9786535<br \/>\nE-Mail:\u00a0leitstelle.feuerwehr@moenchengladbach.de<br \/>\nhttp:\/\/www.feuerwehr-mg.de\/<\/p>\n","protected":false},"excerpt":{"rendered":"<p>Feuerwehr M\u00f6nchengladbach FW-MG: Verkehrsunfall auf der BAB M\u00f6nchengladbach, 17.04.2020, 17:43 Uhr, BAB 61\u00a0(ots) Am fr\u00fchen Abend wurde die Feuerwehr M\u00f6nchengladbach zu einem Verkehrsunfall auf der Bundesautobahn 61 (BAB 61), in [&hellip;]<\/p>\n","protected":false},"author":1,"featured_media":3123,"comment_status":"closed","ping_status":"closed","sticky":false,"template":"","format":"standard","meta":{"_et_pb_use_builder":"","_et_pb_old_content":"","_et_gb_content_width":"","footnotes":""},"categories":[8],"tags":[],"class_list":["post-3896","post","type-post","status-publish","format-standard","has-post-thumbnail","hentry","category-einsaetze"],"_links":{"self":[{"href":"https:\/\/fw-hardt.de\/index.php?rest_route=\/wp\/v2\/posts\/3896","targetHints":{"allow":["GET"]}}],"collection":[{"href":"https:\/\/fw-hardt.de\/index.php?rest_route=\/wp\/v2\/posts"}],"about":[{"href":"https:\/\/fw-hardt.de\/index.php?rest_route=\/wp\/v2\/types\/post"}],"author":[{"embeddable":true,"href":"https:\/\/fw-hardt.de\/index.php?rest_route=\/wp\/v2\/users\/1"}],"replies":[{"embeddable":true,"href":"https:\/\/fw-hardt.de\/index.php?rest_route=%2Fwp%2Fv2%2Fcomments&post=3896"}],"version-history":[{"count":0,"href":"https:\/\/fw-hardt.de\/index.php?rest_route=\/wp\/v2\/posts\/3896\/revisions"}],"wp:featuredmedia":[{"embeddable":true,"href":"https:\/\/fw-hardt.de\/index.php?rest_route=\/"}],"wp:attachment":[{"href":"https:\/\/fw-hardt.de\/index.php?rest_route=%2Fwp%2Fv2%2Fmedia&parent=3896"}],"wp:term":[{"taxonomy":"category","embeddable":true,"href":"https:\/\/fw-hardt.de\/index.php?rest_route=%2Fwp%2Fv2%2Fcategories&post=3896"},{"taxonomy":"post_tag","embeddable":true,"href":"https:\/\/fw-hardt.de\/index.php?rest_route=%2Fwp%2Fv2%2Ftags&post=3896"}],"curies":[{"name":"wp","href":"https:\/\/api.w.org\/{rel}","templated":true}]}}