{"id":3894,"date":"2020-04-14T20:54:54","date_gmt":"2020-04-14T20:54:54","guid":{"rendered":"https:\/\/fw-hardt.de\/?p=3894"},"modified":"2020-04-14T20:54:54","modified_gmt":"2020-04-14T20:54:54","slug":"einsatz-38-2020-brand-in-eine-kueche","status":"publish","type":"post","link":"https:\/\/fw-hardt.de\/?p=3894","title":{"rendered":"++++ Einsatz 38 \/ 2020 &#8211; Brand in eine K\u00fcche ++++"},"content":{"rendered":"<p class=\"customer\">Feuerwehr M\u00f6nchengladbach<\/p>\n<h2>FW-MG: Brand in eine K\u00fcche<\/h2>\n<p><i>M\u00f6nchengladbach-Venn, 14.04.2020, 18:20 Uhr, Thomas-Mann-Stra\u00dfe\u00a0(ots)<\/i><\/p>\n<p>Am fr\u00fchen Abend wurde die Feuerwehr M\u00f6nchengladbach zu einem Mehrfamilienhaus an der Thomas-Mann-Stra\u00dfe gerufen. Bewohner des Hauses hatten Brandgeruch festgestellt. Beim Eintreffen der ersten Einsatzkr\u00e4fte wurde eine leichte Rauchentwicklung aus einem K\u00fcchenfenster im 1. OG festgestellt. Auf einem Herd hatten sich Lebensmittelverpackungen entz\u00fcndet. Sofort wurde ein Angriffstrupp unter Atemschutz mit einem Kleinl\u00f6schger\u00e4t zur Brandbek\u00e4mpfung eingesetzt. Nach dem L\u00f6schen des Kleinbrandes wurde der betroffene Bereich mit einem Hochleistungsl\u00fcfter entraucht. Gl\u00fccklicherweise waren beim Eintreffen der Feuerwehr keine Personen in der Wohnung. Es kam niemand zu Schaden. Nach Abschluss der Einsatzma\u00dfnahmen konnten die Bewohner zur\u00fcck in ihre Wohnung.<\/p>\n<p>Im Einsatz waren der L\u00f6sch- und Hilfeleistungszug der Feuer- und Rettungswache II (Holt), ein Hilfeleistungsl\u00f6schfahrzeug der Feuer- und Rettungswache I (Neuwerk), die Einheit Hardt der Freiwilligen Feuerwehr, 2 Rettungswagen, 1 Notarzteinsatzfahrzeug und der F\u00fchrungsdienst der Feuerwehr M\u00f6nchengladbach.<\/p>\n<p>Einsatzleiter: Brandamtsrat Markus Hallen<\/p>\n<p>R\u00fcckfragen bitte an:<\/p>\n<p>Stadt M\u00f6nchengladbach<br \/>\nFachbereich 37 &#8211; Feuerwehr<br \/>\nF\u00fchrungs- und Lagezentrum<br \/>\nStockholtweg 132<br \/>\n41238 M\u00f6nchengladbach<br \/>\nTelefon: 02166\/9989-0<br \/>\nFax: 02166\/9989-2114<br \/>\nPressebetreuung: 02166\/9786535<br \/>\nE-Mail:\u00a0leitstelle.feuerwehr@moenchengladbach.de<br \/>\nhttp:\/\/www.feuerwehr-mg.de\/<\/p>\n","protected":false},"excerpt":{"rendered":"<p>Feuerwehr M\u00f6nchengladbach FW-MG: Brand in eine K\u00fcche M\u00f6nchengladbach-Venn, 14.04.2020, 18:20 Uhr, Thomas-Mann-Stra\u00dfe\u00a0(ots) Am fr\u00fchen Abend wurde die Feuerwehr M\u00f6nchengladbach zu einem Mehrfamilienhaus an der Thomas-Mann-Stra\u00dfe gerufen. Bewohner des Hauses hatten [&hellip;]<\/p>\n","protected":false},"author":1,"featured_media":3118,"comment_status":"closed","ping_status":"closed","sticky":false,"template":"","format":"standard","meta":{"_et_pb_use_builder":"","_et_pb_old_content":"","_et_gb_content_width":"","footnotes":""},"categories":[8],"tags":[],"class_list":["post-3894","post","type-post","status-publish","format-standard","has-post-thumbnail","hentry","category-einsaetze"],"_links":{"self":[{"href":"https:\/\/fw-hardt.de\/index.php?rest_route=\/wp\/v2\/posts\/3894","targetHints":{"allow":["GET"]}}],"collection":[{"href":"https:\/\/fw-hardt.de\/index.php?rest_route=\/wp\/v2\/posts"}],"about":[{"href":"https:\/\/fw-hardt.de\/index.php?rest_route=\/wp\/v2\/types\/post"}],"author":[{"embeddable":true,"href":"https:\/\/fw-hardt.de\/index.php?rest_route=\/wp\/v2\/users\/1"}],"replies":[{"embeddable":true,"href":"https:\/\/fw-hardt.de\/index.php?rest_route=%2Fwp%2Fv2%2Fcomments&post=3894"}],"version-history":[{"count":0,"href":"https:\/\/fw-hardt.de\/index.php?rest_route=\/wp\/v2\/posts\/3894\/revisions"}],"wp:featuredmedia":[{"embeddable":true,"href":"https:\/\/fw-hardt.de\/index.php?rest_route=\/"}],"wp:attachment":[{"href":"https:\/\/fw-hardt.de\/index.php?rest_route=%2Fwp%2Fv2%2Fmedia&parent=3894"}],"wp:term":[{"taxonomy":"category","embeddable":true,"href":"https:\/\/fw-hardt.de\/index.php?rest_route=%2Fwp%2Fv2%2Fcategories&post=3894"},{"taxonomy":"post_tag","embeddable":true,"href":"https:\/\/fw-hardt.de\/index.php?rest_route=%2Fwp%2Fv2%2Ftags&post=3894"}],"curies":[{"name":"wp","href":"https:\/\/api.w.org\/{rel}","templated":true}]}}