{"id":3892,"date":"2020-04-13T16:53:40","date_gmt":"2020-04-13T16:53:40","guid":{"rendered":"https:\/\/fw-hardt.de\/?p=3892"},"modified":"2020-04-13T16:53:40","modified_gmt":"2020-04-13T16:53:40","slug":"einsatz-37-2020-verkehrsunfall-mit-drei-verletzten-personen","status":"publish","type":"post","link":"https:\/\/fw-hardt.de\/?p=3892","title":{"rendered":"++++ Einsatz 37 \/ 2020 &#8211; Verkehrsunfall mit drei verletzten Personen ++++"},"content":{"rendered":"<p class=\"customer\">Feuerwehr M\u00f6nchengladbach<\/p>\n<h2>FW-MG: Verkehrsunfall mit drei verletzten Personen<\/h2>\n<p><i>M\u00f6nchengladbach, 13.04.2020, 16:26 Uhr, BAB 52 FR D\u00fcsseldorf\u00a0(ots)<\/i><\/p>\n<p>Am heutigen Montagnachmittag wurde der Leitstelle der Feuerwehr ein Verkehrsunfall auf der BAB 52 in Fahrtrichtung D\u00fcsseldorf in H\u00f6he der AS Nord gemeldet. Hier war ein PKW aus unbekannter Ursache in die Leitplanke geraten, wodurch das Fahrzeug schwer besch\u00e4digt wurde. Die drei Insassen hatten das Fahrzeug bereits eigenst\u00e4ndig verlassen. Alle Personen wurden durch den Notarzt gesichtet und vorsorglich mit drei Rettungswagen in umliegende Krankenh\u00e4user transportiert. Die alarmierten Feuerwehrkr\u00e4fte mussten nicht weiter t\u00e4tig werden.<\/p>\n<p>Im Einsatz waren der Hilfeleistungszug der Feuer- und Rettungswache II (Holt), der R\u00fcstwagen aus dem Technik- und Logistikzentrum (Holt), die Einheit Hardt der Freiwilligen Feuerwehr, drei Rettungswagen, ein Notarzteinsatzfahrzeug und der F\u00fchrungsdienst der Berufsfeuerwehr.<\/p>\n<p>Einsatzleiter: Brandamtsrat Erik Gribkowski<\/p>\n<p>R\u00fcckfragen bitte an:<\/p>\n<p>Stadt M\u00f6nchengladbach<br \/>\nFachbereich 37 &#8211; Feuerwehr<br \/>\nF\u00fchrungs- und Lagezentrum<br \/>\nStockholtweg 132<br \/>\n41238 M\u00f6nchengladbach<br \/>\nTelefon: 02166\/9989-0<br \/>\nFax: 02166\/9989-2114<br \/>\nPressebetreuung: 02166\/9786535<br \/>\nE-Mail:\u00a0leitstelle.feuerwehr@moenchengladbach.de<br \/>\nhttp:\/\/www.feuerwehr-mg.de\/<\/p>\n","protected":false},"excerpt":{"rendered":"<p>Feuerwehr M\u00f6nchengladbach FW-MG: Verkehrsunfall mit drei verletzten Personen M\u00f6nchengladbach, 13.04.2020, 16:26 Uhr, BAB 52 FR D\u00fcsseldorf\u00a0(ots) Am heutigen Montagnachmittag wurde der Leitstelle der Feuerwehr ein Verkehrsunfall auf der BAB 52 [&hellip;]<\/p>\n","protected":false},"author":1,"featured_media":3126,"comment_status":"closed","ping_status":"closed","sticky":false,"template":"","format":"standard","meta":{"_et_pb_use_builder":"","_et_pb_old_content":"","_et_gb_content_width":"","footnotes":""},"categories":[8],"tags":[],"class_list":["post-3892","post","type-post","status-publish","format-standard","has-post-thumbnail","hentry","category-einsaetze"],"_links":{"self":[{"href":"https:\/\/fw-hardt.de\/index.php?rest_route=\/wp\/v2\/posts\/3892","targetHints":{"allow":["GET"]}}],"collection":[{"href":"https:\/\/fw-hardt.de\/index.php?rest_route=\/wp\/v2\/posts"}],"about":[{"href":"https:\/\/fw-hardt.de\/index.php?rest_route=\/wp\/v2\/types\/post"}],"author":[{"embeddable":true,"href":"https:\/\/fw-hardt.de\/index.php?rest_route=\/wp\/v2\/users\/1"}],"replies":[{"embeddable":true,"href":"https:\/\/fw-hardt.de\/index.php?rest_route=%2Fwp%2Fv2%2Fcomments&post=3892"}],"version-history":[{"count":0,"href":"https:\/\/fw-hardt.de\/index.php?rest_route=\/wp\/v2\/posts\/3892\/revisions"}],"wp:featuredmedia":[{"embeddable":true,"href":"https:\/\/fw-hardt.de\/index.php?rest_route=\/"}],"wp:attachment":[{"href":"https:\/\/fw-hardt.de\/index.php?rest_route=%2Fwp%2Fv2%2Fmedia&parent=3892"}],"wp:term":[{"taxonomy":"category","embeddable":true,"href":"https:\/\/fw-hardt.de\/index.php?rest_route=%2Fwp%2Fv2%2Fcategories&post=3892"},{"taxonomy":"post_tag","embeddable":true,"href":"https:\/\/fw-hardt.de\/index.php?rest_route=%2Fwp%2Fv2%2Ftags&post=3892"}],"curies":[{"name":"wp","href":"https:\/\/api.w.org\/{rel}","templated":true}]}}