{"id":3883,"date":"2020-04-01T12:07:08","date_gmt":"2020-04-01T12:07:08","guid":{"rendered":"https:\/\/fw-hardt.de\/?p=3883"},"modified":"2020-04-01T12:07:08","modified_gmt":"2020-04-01T12:07:08","slug":"einsatz-35-2020-reifenbrand-an-lkw-auf-bundesautobahn","status":"publish","type":"post","link":"https:\/\/fw-hardt.de\/?p=3883","title":{"rendered":"++++ Einsatz 35 \/ 2020 &#8211; Reifenbrand an LKW auf Bundesautobahn ++++"},"content":{"rendered":"<p class=\"customer\">Feuerwehr M\u00f6nchengladbach<\/p>\n<h2>FW-MG: Reifenbrand an LKW auf Bundesautobahn<\/h2>\n<p><i>M\u00f6nchengladbach, 01.04.2020, 08:14 Uhr, BAB 61 FR Koblenz\u00a0(ots)<\/i><\/p>\n<p>Aus unbekannter Ursache kam es heute zu einem Reifenbrand an einem Sattelauflieger auf der BAB 61 in Fahrtrichtung Koblenz kurz hinter dem Autobahnkreuz M\u00f6nchengladbach. Beim Eintreffen der ersten Kr\u00e4fte brannte auf der rechten Seite eines Tanksattelaufliegers der vordere von drei Reifen in voller Ausdehnung. Der Fahrer hatte bereits geistesgegenw\u00e4rtig die Zugmaschine abgekuppelt und in ausreichender Entfernung abgestellt. Eigene L\u00f6schversuche mit Pulverl\u00f6schern waren gescheitert. Beladen war der Tankauflieger mit Sirup f\u00fcr die Getr\u00e4nkeherstellung.<\/p>\n<p>Sofort fand eine Brandbek\u00e4mpfung durch zwei Trupps unter Atemschutz mit zwei C-Rohren statt. Hierdurch konnte der Brand schnell gel\u00f6scht und die Ausbreitung auf den Tanklauflieger verhindert werden. Personen kamen bei dem Einsatz zum Gl\u00fcck nicht zu Schaden.<\/p>\n<p>Aufgrund der Einsatzdurchf\u00fchrung musste die BAB 61 f\u00fcr ca. eine halbe Stunde voll gesperrt werden, was zu Beeintr\u00e4chtigung im morgendlichen Berufsverkehr f\u00fchrte.<\/p>\n<p>Im Einsatz waren der L\u00f6schzug der Feuer- und Rettungswache II (Holt), das Tankl\u00f6schfahrzeug und der R\u00fcstwagen aus dem Technik- und Logistikzentrum (Holt), die Einheit Hardt der Freiwilligen Feuerwehr, ein Rettungswagen und der F\u00fchrungsdienst der Berufsfeuerwehr.<\/p>\n<p>Einsatzleiter: Brandamtmann Heinrich Roemgens<\/p>\n<p>R\u00fcckfragen bitte an:<\/p>\n<p>Stadt M\u00f6nchengladbach<br \/>\nFachbereich 37 &#8211; Feuerwehr<br \/>\nF\u00fchrungs- und Lagezentrum<br \/>\nStockholtweg 132<br \/>\n41238 M\u00f6nchengladbach<br \/>\nTelefon: 02166\/9989-0<br \/>\nFax: 02166\/9989-2114<br \/>\nPressebetreuung: 02166\/9786535<br \/>\nE-Mail:\u00a0leitstelle.feuerwehr@moenchengladbach.de<br \/>\nhttp:\/\/www.feuerwehr-mg.de\/<\/p>\n","protected":false},"excerpt":{"rendered":"<p>Feuerwehr M\u00f6nchengladbach FW-MG: Reifenbrand an LKW auf Bundesautobahn M\u00f6nchengladbach, 01.04.2020, 08:14 Uhr, BAB 61 FR Koblenz\u00a0(ots) Aus unbekannter Ursache kam es heute zu einem Reifenbrand an einem Sattelauflieger auf der [&hellip;]<\/p>\n","protected":false},"author":1,"featured_media":3440,"comment_status":"closed","ping_status":"closed","sticky":false,"template":"","format":"standard","meta":{"_et_pb_use_builder":"","_et_pb_old_content":"","_et_gb_content_width":"","footnotes":""},"categories":[8],"tags":[],"class_list":["post-3883","post","type-post","status-publish","format-standard","has-post-thumbnail","hentry","category-einsaetze"],"_links":{"self":[{"href":"https:\/\/fw-hardt.de\/index.php?rest_route=\/wp\/v2\/posts\/3883","targetHints":{"allow":["GET"]}}],"collection":[{"href":"https:\/\/fw-hardt.de\/index.php?rest_route=\/wp\/v2\/posts"}],"about":[{"href":"https:\/\/fw-hardt.de\/index.php?rest_route=\/wp\/v2\/types\/post"}],"author":[{"embeddable":true,"href":"https:\/\/fw-hardt.de\/index.php?rest_route=\/wp\/v2\/users\/1"}],"replies":[{"embeddable":true,"href":"https:\/\/fw-hardt.de\/index.php?rest_route=%2Fwp%2Fv2%2Fcomments&post=3883"}],"version-history":[{"count":0,"href":"https:\/\/fw-hardt.de\/index.php?rest_route=\/wp\/v2\/posts\/3883\/revisions"}],"wp:featuredmedia":[{"embeddable":true,"href":"https:\/\/fw-hardt.de\/index.php?rest_route=\/"}],"wp:attachment":[{"href":"https:\/\/fw-hardt.de\/index.php?rest_route=%2Fwp%2Fv2%2Fmedia&parent=3883"}],"wp:term":[{"taxonomy":"category","embeddable":true,"href":"https:\/\/fw-hardt.de\/index.php?rest_route=%2Fwp%2Fv2%2Fcategories&post=3883"},{"taxonomy":"post_tag","embeddable":true,"href":"https:\/\/fw-hardt.de\/index.php?rest_route=%2Fwp%2Fv2%2Ftags&post=3883"}],"curies":[{"name":"wp","href":"https:\/\/api.w.org\/{rel}","templated":true}]}}