{"id":3880,"date":"2020-03-30T10:38:15","date_gmt":"2020-03-30T10:38:15","guid":{"rendered":"https:\/\/fw-hardt.de\/?p=3880"},"modified":"2020-03-30T10:38:15","modified_gmt":"2020-03-30T10:38:15","slug":"einsatz-34-2020-wohnungs-und-dachstuhlbrand","status":"publish","type":"post","link":"https:\/\/fw-hardt.de\/?p=3880","title":{"rendered":"++++ Einsatz 34 \/ 2020 &#8211; Wohnungs- und Dachstuhlbrand ++++"},"content":{"rendered":"<p class=\"customer\">Feuerwehr M\u00f6nchengladbach<\/p>\n<h2>FW-MG: Wohnungs- und Dachstuhlbrand<\/h2>\n<p><i>M\u00f6nchengladbach-Stadtmitte, 30.03.2020, 07:18 Uhr, Parkstra\u00dfe\u00a0(ots)<\/i><\/p>\n<p>Am Morgen kam es zu einem ausgedehnten Wohnungs- \/ Dachstuhlbrand eines Geb\u00e4udes an der Parkstra\u00dfe Ecke Viersener Stra\u00dfe. Die Bewohner hatten bereits das gesamte Geb\u00e4ude verlassen. Durch die sofort eingeleiteten L\u00f6schma\u00dfnahmen und das Errichten einer Riegelstellung mit Wenderohren \u00fcber zwei Drehleitern konnte ein weiteres \u00dcbergreifen der Flammen auf den benachbarten Dachstuhl verhindert werden. Zur Sicherheit wurden auch das benachbarte Haus kurzfristig evakuiert. Die L\u00f6scharbeiten und die Nachl\u00f6scharbeiten gestalten sich \u00e4u\u00dferst schwierig, da der Dachstuhl teilweise nicht mehr begehbar ist. Die betroffenen Wohnungen wurden durch den Brand stark in Mitleidenschaft gezogen und sind zurzeit nicht bewohnbar.<\/p>\n<p>Zur Bew\u00e4ltigung der Einsatzlage wurden bis zu 50 Einsatzkr\u00e4fte alarmiert. Die Verpflegung auch mit Kalt- und Hei\u00dfgetr\u00e4nken wurde vom MHD \u00fcbernommen.<\/p>\n<p>Im Einsatz sind\/waren die L\u00f6sch- und Hilfeleistungsz\u00fcge der Feuer- und Rettungswachen I (Neuwerk) II (Holt) und III (Rheydt), vier Rettungswagen und ein Notarzt, die Einheiten Stadtmitte, Neuwerk, Hardt, Rheindahlen der Freiwilligen Feuerwehr, der MHD und der F\u00fchrungsdienstes der Berufsfeuerwehr M\u00f6nchengladbach.<\/p>\n<p>Einsatzleiter: Brandrat Andreas Schillers<\/p>\n<p>R\u00fcckfragen bitte an:<\/p>\n<p>Stadt M\u00f6nchengladbach<br \/>\nFachbereich 37 &#8211; Feuerwehr<br \/>\nF\u00fchrungs- und Lagezentrum<br \/>\nStockholtweg 132<br \/>\n41238 M\u00f6nchengladbach<br \/>\nTelefon: 02166\/9989-0<br \/>\nFax: 02166\/9989-2114<br \/>\nPressebetreuung: 02166\/9786535<br \/>\nE-Mail:\u00a0leitstelle.feuerwehr@moenchengladbach.de<br \/>\nhttp:\/\/www.feuerwehr-mg.de\/<\/p>\n","protected":false},"excerpt":{"rendered":"<p>Feuerwehr M\u00f6nchengladbach FW-MG: Wohnungs- und Dachstuhlbrand M\u00f6nchengladbach-Stadtmitte, 30.03.2020, 07:18 Uhr, Parkstra\u00dfe\u00a0(ots) Am Morgen kam es zu einem ausgedehnten Wohnungs- \/ Dachstuhlbrand eines Geb\u00e4udes an der Parkstra\u00dfe Ecke Viersener Stra\u00dfe. Die [&hellip;]<\/p>\n","protected":false},"author":1,"featured_media":3710,"comment_status":"closed","ping_status":"closed","sticky":false,"template":"","format":"standard","meta":{"_et_pb_use_builder":"","_et_pb_old_content":"","_et_gb_content_width":"","footnotes":""},"categories":[8],"tags":[],"class_list":["post-3880","post","type-post","status-publish","format-standard","has-post-thumbnail","hentry","category-einsaetze"],"_links":{"self":[{"href":"https:\/\/fw-hardt.de\/index.php?rest_route=\/wp\/v2\/posts\/3880","targetHints":{"allow":["GET"]}}],"collection":[{"href":"https:\/\/fw-hardt.de\/index.php?rest_route=\/wp\/v2\/posts"}],"about":[{"href":"https:\/\/fw-hardt.de\/index.php?rest_route=\/wp\/v2\/types\/post"}],"author":[{"embeddable":true,"href":"https:\/\/fw-hardt.de\/index.php?rest_route=\/wp\/v2\/users\/1"}],"replies":[{"embeddable":true,"href":"https:\/\/fw-hardt.de\/index.php?rest_route=%2Fwp%2Fv2%2Fcomments&post=3880"}],"version-history":[{"count":0,"href":"https:\/\/fw-hardt.de\/index.php?rest_route=\/wp\/v2\/posts\/3880\/revisions"}],"wp:featuredmedia":[{"embeddable":true,"href":"https:\/\/fw-hardt.de\/index.php?rest_route=\/"}],"wp:attachment":[{"href":"https:\/\/fw-hardt.de\/index.php?rest_route=%2Fwp%2Fv2%2Fmedia&parent=3880"}],"wp:term":[{"taxonomy":"category","embeddable":true,"href":"https:\/\/fw-hardt.de\/index.php?rest_route=%2Fwp%2Fv2%2Fcategories&post=3880"},{"taxonomy":"post_tag","embeddable":true,"href":"https:\/\/fw-hardt.de\/index.php?rest_route=%2Fwp%2Fv2%2Ftags&post=3880"}],"curies":[{"name":"wp","href":"https:\/\/api.w.org\/{rel}","templated":true}]}}