{"id":3877,"date":"2020-03-29T09:04:00","date_gmt":"2020-03-29T09:04:00","guid":{"rendered":"https:\/\/fw-hardt.de\/?p=3877"},"modified":"2020-03-29T09:04:00","modified_gmt":"2020-03-29T09:04:00","slug":"einsatz-33-2020-verkehrsunfall-mit-eigenem-nef","status":"publish","type":"post","link":"https:\/\/fw-hardt.de\/?p=3877","title":{"rendered":"++++ Einsatz 33 \/ 2020 &#8211; Verkehrsunfall mit eigenem NEF ++++"},"content":{"rendered":"<p>Feuerwehr M\u00f6nchengladbach<\/p>\n<h2>FW-MG: Verkehrsunfall mit eigenem NEF<\/h2>\n<div class=\"story-sharing\">\n<div class=\"story-sharing-items\">M\u00f6nchengladbach, 28.03.2020, 21:35 Uhr, A61\u00a0(ots)<\/div>\n<\/div>\n<p>Am heutigen Abend verunfallte ein Notarzteinsatzfahrzeug (NEF) der Feuerwehr M\u00f6nchengladbach auf der A61 zwischen den Anschlussstellen MG-Holt und MG-Rheydt. Aus bislang ungekl\u00e4rter Ursache war das Fahrzeug in die Mittelleitplanke geprallt. Die Besatzung des Fahrzeuges, ein Notarzt und ein Notfallsanit\u00e4ter, erlitten leichte Verletzungen. Weitere Fahrzeuge waren an dem Unfall nicht beteiligt.<\/p>\n<p>Das Fahrzeug befand sich auf einer Einsatzfahrt. Zu diesem Notfall konnte umgehend ein weiterer Notarzt entsendet werden.<\/p>\n<p>Die linke Fahrspur der A61 war w\u00e4hrend des Einsatzes gesperrt. Das Fahrzeug wurde von der Feuerwehr gesichert und die Autobahn ges\u00e4ubert.<\/p>\n<p>Im Einsatz waren der L\u00f6sch- und Hilfeleistungszug der Feuer- und Rettungswache II (Holt), ein R\u00fcstwagen aus dem Technik- und Logistikzentrum (Holt), ein Rettungswagen und der F\u00fchrungsdienst der Feuerwehr M\u00f6nchengladbach.<\/p>\n<p>Einsatzleiter: BA Ch. Wellen<\/p>\n<p>R\u00fcckfragen bitte an:<\/p>\n<p>Stadt M\u00f6nchengladbach<br \/>\nFachbereich 37 &#8211; Feuerwehr<br \/>\nF\u00fchrungs- und Lagezentrum<br \/>\nStockholtweg 132<br \/>\n41238 M\u00f6nchengladbach<br \/>\nTelefon: 02166\/9989-0<br \/>\nFax: 02166\/9989-2114<br \/>\nPressebetreuung: 02166\/9786535<br \/>\nE-Mail:\u00a0leitstelle.feuerwehr@moenchengladbach.de<br \/>\nhttp:\/\/www.feuerwehr-mg.de\/<\/p>\n","protected":false},"excerpt":{"rendered":"<p>Feuerwehr M\u00f6nchengladbach FW-MG: Verkehrsunfall mit eigenem NEF M\u00f6nchengladbach, 28.03.2020, 21:35 Uhr, A61\u00a0(ots) Am heutigen Abend verunfallte ein Notarzteinsatzfahrzeug (NEF) der Feuerwehr M\u00f6nchengladbach auf der A61 zwischen den Anschlussstellen MG-Holt und [&hellip;]<\/p>\n","protected":false},"author":1,"featured_media":3136,"comment_status":"closed","ping_status":"closed","sticky":false,"template":"","format":"standard","meta":{"_et_pb_use_builder":"","_et_pb_old_content":"","_et_gb_content_width":"","footnotes":""},"categories":[8],"tags":[],"class_list":["post-3877","post","type-post","status-publish","format-standard","has-post-thumbnail","hentry","category-einsaetze"],"_links":{"self":[{"href":"https:\/\/fw-hardt.de\/index.php?rest_route=\/wp\/v2\/posts\/3877","targetHints":{"allow":["GET"]}}],"collection":[{"href":"https:\/\/fw-hardt.de\/index.php?rest_route=\/wp\/v2\/posts"}],"about":[{"href":"https:\/\/fw-hardt.de\/index.php?rest_route=\/wp\/v2\/types\/post"}],"author":[{"embeddable":true,"href":"https:\/\/fw-hardt.de\/index.php?rest_route=\/wp\/v2\/users\/1"}],"replies":[{"embeddable":true,"href":"https:\/\/fw-hardt.de\/index.php?rest_route=%2Fwp%2Fv2%2Fcomments&post=3877"}],"version-history":[{"count":0,"href":"https:\/\/fw-hardt.de\/index.php?rest_route=\/wp\/v2\/posts\/3877\/revisions"}],"wp:featuredmedia":[{"embeddable":true,"href":"https:\/\/fw-hardt.de\/index.php?rest_route=\/"}],"wp:attachment":[{"href":"https:\/\/fw-hardt.de\/index.php?rest_route=%2Fwp%2Fv2%2Fmedia&parent=3877"}],"wp:term":[{"taxonomy":"category","embeddable":true,"href":"https:\/\/fw-hardt.de\/index.php?rest_route=%2Fwp%2Fv2%2Fcategories&post=3877"},{"taxonomy":"post_tag","embeddable":true,"href":"https:\/\/fw-hardt.de\/index.php?rest_route=%2Fwp%2Fv2%2Ftags&post=3877"}],"curies":[{"name":"wp","href":"https:\/\/api.w.org\/{rel}","templated":true}]}}