{"id":3875,"date":"2020-03-24T08:02:00","date_gmt":"2020-03-24T08:02:00","guid":{"rendered":"https:\/\/fw-hardt.de\/?p=3875"},"modified":"2020-03-24T08:02:00","modified_gmt":"2020-03-24T08:02:00","slug":"einsatz-31-2020-verkehrsunfall-pkw-in-seitenlage","status":"publish","type":"post","link":"https:\/\/fw-hardt.de\/?p=3875","title":{"rendered":"++++ Einsatz 31 \/ 2020 &#8211; Verkehrsunfall, PKW in Seitenlage ++++"},"content":{"rendered":"<h2>FW-MG: Verkehrsunfall, PKW in Seitenlage<\/h2>\n<p><i>M\u00f6nchengladbach-Hehn, 23.03.2020, 16:31 Uhr, Hehn\u00a0(ots)<\/i><\/p>\n<p>Gegen 16:30 Uhr wurde die Feuerwehr M\u00f6nchengladbach zu einem Verkehrsunfall im Ortsteil Hehn alarmiert. Aus bisher unbekannte Ursache kam es zu einem Auffahrunfall zwischen einem PKW und einem am Stra\u00dfenrand parkenden Kleintransporter. Der PKW kippte durch den Aufprall um und blieb auf der Fahrerseite liegen.<\/p>\n<p>Noch vor dem Eintreffen der ersten Einsatzkr\u00e4fte konnte sich der Fahrer aus seinem Fahrzeug befreien und wurde vor Ort von Passanten betreut. Der Mann wurde sofort durch Einsatzkr\u00e4fte der Feuerwehr medizinisch versorgt. Anschlie\u00dfend wurden er mit einem Rettungswagen in ein umliegendes Notfallkrankenhaus transportiert.<\/p>\n<p>Im Einsatz waren der L\u00f6sch- und Hilfeleistungszug der Feuer- und Rettungswache II (Holt), ein R\u00fcstwagen aus dem Technik- und Logistikzentrum (Holt), 2 Rettungswagen, 1 Notarzteinsatzfahrzeug und der F\u00fchrungsdienst der Feuerwehr M\u00f6nchengladbach.<\/p>\n<p>Einsatzleiter: Brandamtsrat Markus Hallen<\/p>\n<p>R\u00fcckfragen bitte an:<\/p>\n<p>Stadt M\u00f6nchengladbach<br \/>\nFachbereich 37 &#8211; Feuerwehr<br \/>\nF\u00fchrungs- und Lagezentrum<br \/>\nStockholtweg 132<br \/>\n41238 M\u00f6nchengladbach<br \/>\nTelefon: 02166\/9989-0<br \/>\nFax: 02166\/9989-2114<br \/>\nPressebetreuung: 02166\/9786535<br \/>\nE-Mail:\u00a0leitstelle.feuerwehr@moenchengladbach.de<br \/>\nhttp:\/\/www.feuerwehr-mg.de\/<\/p>\n","protected":false},"excerpt":{"rendered":"<p>FW-MG: Verkehrsunfall, PKW in Seitenlage M\u00f6nchengladbach-Hehn, 23.03.2020, 16:31 Uhr, Hehn\u00a0(ots) Gegen 16:30 Uhr wurde die Feuerwehr M\u00f6nchengladbach zu einem Verkehrsunfall im Ortsteil Hehn alarmiert. Aus bisher unbekannte Ursache kam es [&hellip;]<\/p>\n","protected":false},"author":1,"featured_media":3123,"comment_status":"closed","ping_status":"closed","sticky":false,"template":"","format":"standard","meta":{"_et_pb_use_builder":"","_et_pb_old_content":"","_et_gb_content_width":"","footnotes":""},"categories":[8],"tags":[],"class_list":["post-3875","post","type-post","status-publish","format-standard","has-post-thumbnail","hentry","category-einsaetze"],"_links":{"self":[{"href":"https:\/\/fw-hardt.de\/index.php?rest_route=\/wp\/v2\/posts\/3875","targetHints":{"allow":["GET"]}}],"collection":[{"href":"https:\/\/fw-hardt.de\/index.php?rest_route=\/wp\/v2\/posts"}],"about":[{"href":"https:\/\/fw-hardt.de\/index.php?rest_route=\/wp\/v2\/types\/post"}],"author":[{"embeddable":true,"href":"https:\/\/fw-hardt.de\/index.php?rest_route=\/wp\/v2\/users\/1"}],"replies":[{"embeddable":true,"href":"https:\/\/fw-hardt.de\/index.php?rest_route=%2Fwp%2Fv2%2Fcomments&post=3875"}],"version-history":[{"count":0,"href":"https:\/\/fw-hardt.de\/index.php?rest_route=\/wp\/v2\/posts\/3875\/revisions"}],"wp:featuredmedia":[{"embeddable":true,"href":"https:\/\/fw-hardt.de\/index.php?rest_route=\/"}],"wp:attachment":[{"href":"https:\/\/fw-hardt.de\/index.php?rest_route=%2Fwp%2Fv2%2Fmedia&parent=3875"}],"wp:term":[{"taxonomy":"category","embeddable":true,"href":"https:\/\/fw-hardt.de\/index.php?rest_route=%2Fwp%2Fv2%2Fcategories&post=3875"},{"taxonomy":"post_tag","embeddable":true,"href":"https:\/\/fw-hardt.de\/index.php?rest_route=%2Fwp%2Fv2%2Ftags&post=3875"}],"curies":[{"name":"wp","href":"https:\/\/api.w.org\/{rel}","templated":true}]}}