{"id":3872,"date":"2020-03-13T21:33:26","date_gmt":"2020-03-13T21:33:26","guid":{"rendered":"https:\/\/fw-hardt.de\/?p=3872"},"modified":"2020-03-13T21:33:26","modified_gmt":"2020-03-13T21:33:26","slug":"einsatz-29-2020-mehrere-unfaelle-auf-der-bab-52","status":"publish","type":"post","link":"https:\/\/fw-hardt.de\/?p=3872","title":{"rendered":"++++ Einsatz 29 \/ 2020 &#8211; Mehrere Unf\u00e4lle auf der BAB 52 ++++"},"content":{"rendered":"<p>Feuerwehr M\u00f6nchengladbach<\/p>\n<h1>FW-MG: Mehrere Unf\u00e4lle auf der BAB 52<\/h1>\n<p><i>M\u00f6nchengladbach,12.03.2020, 16:20 Uhr, BAB 52\u00a0(ots)<\/i><\/p>\n<p>Auf der BAB 52 in Fahrtrichtung D\u00fcsseldorf kam es im Bereich der Anschlussstelle Hardt zu einem Verkehrsunfall. An dem Unfall waren ein PKW und ein LKW beteiligt. Beim Eintreffen der Einsatzkr\u00e4fte stellten diese fest, dass niemand eingeklemmt wurde. Die beiden Fahrer hatte durch den Unfall allerdings Verletzungen erlitten und wurde vom Notarzt und den Einsatzkr\u00e4ften erstversorgt. Anschlie\u00dfend erfolgte der Transport der Verletzten in M\u00f6nchengladbacher Notfallkrankenh\u00e4user.<\/p>\n<p>Ein paar hundert Meter hinter der Einsatzstelle war es zu einem weiteren Unfall mit Sachschaden gekommen. Eine Erkundung ergab, dass hier ein weiteres Eingreifen der Feuerwehr nicht n\u00f6tig war.<\/p>\n<p>Im Einsatz waren der L\u00f6sch- und Hilfeleistungszug der Feuer- und Rettungswache II (Holt), die Einheit Hardt der Freiwilligen Feuerwehr, ein Rettungswagen, ein Notarzteinsatzfahrzeug und der R\u00fcstwagen aus dem Technik- und Logistikzentrum (Holt), ein Rettungswagen aus dem Kreis Viersen sowie der F\u00fchrungsdienst der Berufsfeuerwehr.<\/p>\n<p>M\u00f6nchengladbach, 12.03.2020, 18:09 Uhr, BAB 52<\/p>\n<p>Auf der BAB 52 in Fahrtrichtung D\u00fcsseldorf kam es im Bereich zwischen dem AK Neersen und der Rastst\u00e4tte Cloerbruch zu einem Verkehrsunfall mit zwei beteiligten PKW.<\/p>\n<p>Beim Eintreffen der Einsatzkr\u00e4fte stellten diese fest, dass die Fahrerin eines Unfallfahrzeuges Verletzungen erlitten hatte. Sie wurde vom Notarzt und den Einsatzkr\u00e4ften erstversorgt und mit einem Rettungswagen in ein M\u00f6nchengladbacher Notfallkrankenhaus transportiert.<\/p>\n<p>Im Einsatz waren der L\u00f6sch- und Hilfeleistungszug der Feuer- und Rettungswache I (Neuwerk), die Einheit Neuwerk der Freiwilligen Feuerwehr, zwei Rettungswagen, ein Notarzteinsatzfahrzeug, der R\u00fcstwagen aus dem Technik- und Logistikzentrum (Holt) sowie der F\u00fchrungsdienst der Berufsfeuerwehr.<\/p>\n<p>Einsatzleiter: BOI Bernd Kretschmann<\/p>\n<p>R\u00fcckfragen bitte an:<\/p>\n<p>Stadt M\u00f6nchengladbach<br \/>\nFachbereich 37 &#8211; Feuerwehr<br \/>\nF\u00fchrungs- und Lagezentrum<br \/>\nStockholtweg 132<br \/>\n41238 M\u00f6nchengladbach<br \/>\nTelefon: 02166\/9989-0<br \/>\nFax: 02166\/9989-2114<br \/>\nPressebetreuung: 02166\/9786535<br \/>\nE-Mail:\u00a0leitstelle.feuerwehr@moenchengladbach.de<br \/>\nhttp:\/\/www.feuerwehr-mg.de\/<\/p>\n","protected":false},"excerpt":{"rendered":"<p>Feuerwehr M\u00f6nchengladbach FW-MG: Mehrere Unf\u00e4lle auf der BAB 52 M\u00f6nchengladbach,12.03.2020, 16:20 Uhr, BAB 52\u00a0(ots) Auf der BAB 52 in Fahrtrichtung D\u00fcsseldorf kam es im Bereich der Anschlussstelle Hardt zu einem [&hellip;]<\/p>\n","protected":false},"author":1,"featured_media":3124,"comment_status":"closed","ping_status":"closed","sticky":false,"template":"","format":"standard","meta":{"_et_pb_use_builder":"","_et_pb_old_content":"","_et_gb_content_width":"","footnotes":""},"categories":[8],"tags":[],"class_list":["post-3872","post","type-post","status-publish","format-standard","has-post-thumbnail","hentry","category-einsaetze"],"_links":{"self":[{"href":"https:\/\/fw-hardt.de\/index.php?rest_route=\/wp\/v2\/posts\/3872","targetHints":{"allow":["GET"]}}],"collection":[{"href":"https:\/\/fw-hardt.de\/index.php?rest_route=\/wp\/v2\/posts"}],"about":[{"href":"https:\/\/fw-hardt.de\/index.php?rest_route=\/wp\/v2\/types\/post"}],"author":[{"embeddable":true,"href":"https:\/\/fw-hardt.de\/index.php?rest_route=\/wp\/v2\/users\/1"}],"replies":[{"embeddable":true,"href":"https:\/\/fw-hardt.de\/index.php?rest_route=%2Fwp%2Fv2%2Fcomments&post=3872"}],"version-history":[{"count":0,"href":"https:\/\/fw-hardt.de\/index.php?rest_route=\/wp\/v2\/posts\/3872\/revisions"}],"wp:featuredmedia":[{"embeddable":true,"href":"https:\/\/fw-hardt.de\/index.php?rest_route=\/"}],"wp:attachment":[{"href":"https:\/\/fw-hardt.de\/index.php?rest_route=%2Fwp%2Fv2%2Fmedia&parent=3872"}],"wp:term":[{"taxonomy":"category","embeddable":true,"href":"https:\/\/fw-hardt.de\/index.php?rest_route=%2Fwp%2Fv2%2Fcategories&post=3872"},{"taxonomy":"post_tag","embeddable":true,"href":"https:\/\/fw-hardt.de\/index.php?rest_route=%2Fwp%2Fv2%2Ftags&post=3872"}],"curies":[{"name":"wp","href":"https:\/\/api.w.org\/{rel}","templated":true}]}}