{"id":3870,"date":"2020-03-11T19:02:12","date_gmt":"2020-03-11T19:02:12","guid":{"rendered":"https:\/\/fw-hardt.de\/?p=3870"},"modified":"2020-03-11T19:02:12","modified_gmt":"2020-03-11T19:02:12","slug":"einsatz-28-2020-gasverpuffung","status":"publish","type":"post","link":"https:\/\/fw-hardt.de\/?p=3870","title":{"rendered":"++++ Einsatz 28 \/ 2020 &#8211; Gasverpuffung ++++"},"content":{"rendered":"<p class=\"customer\">Feuerwehr M\u00f6nchengladbach<\/p>\n<h1>FW-MG: Gasverpuffung<\/h1>\n<p><i>M\u00f6nchengladbach-Hardt, 11.03.2020, 16:41 Uhr, Karrenweg\u00a0(ots)<\/i><\/p>\n<p>Am Nachmittag wurde die Feuerwehr M\u00f6nchengladbach zu einem Reihenhaus am Karrenweg gerufen. Bei Eintreffen der ersten Einsatzkr\u00e4fte drang Brandrauch aus einem vollst\u00e4ndig zerst\u00f6rten Fenster im 1. Obergeschoss. Aus bisher unbekannter Ursache ist es zu einer Verpuffung gekommen. Durch die Druckwelle wurde das Fenster zerst\u00f6rt.<\/p>\n<p>Sofort wurde ein Angriffstrupp unter Atemschutz mit einem C-Strahlrohr zur Menschenrettung und Brandbek\u00e4mpfung eingesetzt. Parallel wurde die Gaszufuhr abgestellt. Kleinere Brandnester innerhalb des 1. OG wurden mit einem Kleinl\u00f6schger\u00e4t abgel\u00f6scht. Wie sich herausstellte waren gl\u00fccklicherweise keine Personen mehr im Geb\u00e4ude, so dass auch niemand verletzt wurde.<\/p>\n<p>Durch die Druckwelle wurde eine nichttragende Trockenbauwand im Inneren des Hauses verschoben. In der Fassade zeigten sich Risse im Bereich der Fenster\u00f6ffnungen im 1. OG. Zur weiteren Begutachtung wurde ein Statiker vom Fachbereich Bauordnung und Denkmalschutz hinzugezogen.<\/p>\n<p>Im Einsatz waren der L\u00f6sch- und Hilfeleistungszug der Feuer- und Rettungswache I (Neuwerk), die Einheit Hardt der Freiwilligen Feuerwehr, 2 Rettungswagen, 1 Notarzteinsatzfahrzeug und der F\u00fchrungsdienst der Feuerwehr M\u00f6nchengladbach.<\/p>\n<p>Einsatzleiter: BAR Thorsten Gornik<\/p>\n<p>R\u00fcckfragen bitte an:<\/p>\n<p>Stadt M\u00f6nchengladbach<br \/>\nFachbereich 37 &#8211; Feuerwehr<br \/>\nF\u00fchrungs- und Lagezentrum<br \/>\nStockholtweg 132<br \/>\n41238 M\u00f6nchengladbach<br \/>\nTelefon: 02166\/9989-0<br \/>\nFax: 02166\/9989-2114<br \/>\nPressebetreuung: 02166\/9786535<br \/>\nE-Mail:\u00a0leitstelle.feuerwehr@moenchengladbach.de<br \/>\nhttp:\/\/www.feuerwehr-mg.de\/<\/p>\n","protected":false},"excerpt":{"rendered":"<p>Feuerwehr M\u00f6nchengladbach FW-MG: Gasverpuffung M\u00f6nchengladbach-Hardt, 11.03.2020, 16:41 Uhr, Karrenweg\u00a0(ots) Am Nachmittag wurde die Feuerwehr M\u00f6nchengladbach zu einem Reihenhaus am Karrenweg gerufen. Bei Eintreffen der ersten Einsatzkr\u00e4fte drang Brandrauch aus einem [&hellip;]<\/p>\n","protected":false},"author":1,"featured_media":3375,"comment_status":"closed","ping_status":"closed","sticky":false,"template":"","format":"standard","meta":{"_et_pb_use_builder":"","_et_pb_old_content":"","_et_gb_content_width":"","footnotes":""},"categories":[8],"tags":[],"class_list":["post-3870","post","type-post","status-publish","format-standard","has-post-thumbnail","hentry","category-einsaetze"],"_links":{"self":[{"href":"https:\/\/fw-hardt.de\/index.php?rest_route=\/wp\/v2\/posts\/3870","targetHints":{"allow":["GET"]}}],"collection":[{"href":"https:\/\/fw-hardt.de\/index.php?rest_route=\/wp\/v2\/posts"}],"about":[{"href":"https:\/\/fw-hardt.de\/index.php?rest_route=\/wp\/v2\/types\/post"}],"author":[{"embeddable":true,"href":"https:\/\/fw-hardt.de\/index.php?rest_route=\/wp\/v2\/users\/1"}],"replies":[{"embeddable":true,"href":"https:\/\/fw-hardt.de\/index.php?rest_route=%2Fwp%2Fv2%2Fcomments&post=3870"}],"version-history":[{"count":0,"href":"https:\/\/fw-hardt.de\/index.php?rest_route=\/wp\/v2\/posts\/3870\/revisions"}],"wp:featuredmedia":[{"embeddable":true,"href":"https:\/\/fw-hardt.de\/index.php?rest_route=\/"}],"wp:attachment":[{"href":"https:\/\/fw-hardt.de\/index.php?rest_route=%2Fwp%2Fv2%2Fmedia&parent=3870"}],"wp:term":[{"taxonomy":"category","embeddable":true,"href":"https:\/\/fw-hardt.de\/index.php?rest_route=%2Fwp%2Fv2%2Fcategories&post=3870"},{"taxonomy":"post_tag","embeddable":true,"href":"https:\/\/fw-hardt.de\/index.php?rest_route=%2Fwp%2Fv2%2Ftags&post=3870"}],"curies":[{"name":"wp","href":"https:\/\/api.w.org\/{rel}","templated":true}]}}