{"id":3850,"date":"2020-02-11T15:55:47","date_gmt":"2020-02-11T15:55:47","guid":{"rendered":"https:\/\/fw-hardt.de\/?p=3850"},"modified":"2020-02-11T15:55:47","modified_gmt":"2020-02-11T15:55:47","slug":"einsaetze-6-13-2020-sturm-sabine","status":"publish","type":"post","link":"https:\/\/fw-hardt.de\/?p=3850","title":{"rendered":"++++ Eins\u00e4tze 6-15 \/ 2020 \u2013 Sturm Sabine ++++"},"content":{"rendered":"<p><i>Stadt M\u00f6nchengladbach, 09.02. 07:30 Uhr bis 10.02. 06 Uhr, gesamte Stadtgebiet\u00a0(ots)<\/i><\/p>\n<p>Sabine bescherte der Feuerwehr M\u00f6nchengladbach 70 Eins\u00e4tze. Gefahren gingen u.a. von losen Dachziegeln und \u00c4sten aus, zudem von einer Markise, von mehreren Verkehrsschildern und einem Bauzaun. Die Gefahrenstellen wurden beseitigt oder gesichert.<\/p>\n<p>Folgender Einsatz ist erw\u00e4hnenswert. W\u00e4hrend des Sturmtiefs &#8220;Sabine&#8221; wurden die Einsatzkr\u00e4fte der Feuer- und Rettungswache III zun\u00e4chst zu einem Routine-Einsatz in die Hochhausanlage &#8220;Carolina Park&#8221; gerufen. Ein mit drei Personen besetzter Aufzug war aufgrund einer technischen St\u00f6rung steckengeblieben, die eingeschlossenen Personen gerieten zunehmend in Panik. Eine Bewegung der Kabine war geboten, um die drei Personen aus ihrer misslichen Lage zu befreien. Dazu musste der Aufzug vom auf dem Dach des Hochhauses gelegenen Aufzugsmaschinenraum manuell angesteuert werden. Das Erreichen dieses Raumes \u00fcber das Dach des Hochhauses gestaltete sich allerdings aufgrund der vorherrschenden, orkanartigen B\u00f6en des Sturmtiefs als \u00e4u\u00dferst schwierig und konnte nur unter umfangreichen Ma\u00dfnahmen gegen den eigenen Absturz der Einsatzkr\u00e4fte gew\u00e4hrleistet werden. Nach ca. 20 Minuten konnte der Aufzug durch die Feuerwehr zur n\u00e4chsten Etage aufgefahren -und die Personen wohlauf in Sicherheit gebracht werden.<\/p>\n<p>Im Einsatz waren ALLE Einheiten der Freiwilligen Feuerwehr, die drei Feuer- und Rettungswachen der Berufsfeuerwehr, alle Hilfsorganisationen und das Technische Hilfswerk.<\/p>\n<p>Berichterstatter: BR Josef Straetmans<\/p>\n<p>&nbsp;<\/p>\n<pre>R\u00fcckfragen bitte an:\n\nStadt M\u00f6nchengladbach\nFachbereich 37 - Feuerwehr\nF\u00fchrungs- und Lagezentrum\nStockholtweg 132\n41238 M\u00f6nchengladbach\nTelefon: 02166\/9989-0\nFax: 02166\/9989-2114\nPressebetreuung: 02166\/9786535\nE-Mail:\u00a0<a class=\"uri-mailto\" href=\"mailto:leitstelle.feuerwehr@moenchengladbach.de\">leitstelle.feuerwehr@moenchengladbach.de<\/a>\n<a class=\"uri-ext outbound\" href=\"http:\/\/www.feuerwehr-mg.de\/\" target=\"_blank\" rel=\"noopener noreferrer\">http:\/\/www.feuerwehr-mg.de\/<\/a>\n\nOriginal-Content von: Feuerwehr M\u00f6nchengladbach, \u00fcbermittelt durch news aktuell<\/pre>\n","protected":false},"excerpt":{"rendered":"<p>Stadt M\u00f6nchengladbach, 09.02. 07:30 Uhr bis 10.02. 06 Uhr, gesamte Stadtgebiet\u00a0(ots) Sabine bescherte der Feuerwehr M\u00f6nchengladbach 70 Eins\u00e4tze. Gefahren gingen u.a. von losen Dachziegeln und \u00c4sten aus, zudem von einer [&hellip;]<\/p>\n","protected":false},"author":1,"featured_media":3157,"comment_status":"closed","ping_status":"closed","sticky":false,"template":"","format":"standard","meta":{"_et_pb_use_builder":"","_et_pb_old_content":"","_et_gb_content_width":"","footnotes":""},"categories":[8],"tags":[],"class_list":["post-3850","post","type-post","status-publish","format-standard","has-post-thumbnail","hentry","category-einsaetze"],"_links":{"self":[{"href":"https:\/\/fw-hardt.de\/index.php?rest_route=\/wp\/v2\/posts\/3850","targetHints":{"allow":["GET"]}}],"collection":[{"href":"https:\/\/fw-hardt.de\/index.php?rest_route=\/wp\/v2\/posts"}],"about":[{"href":"https:\/\/fw-hardt.de\/index.php?rest_route=\/wp\/v2\/types\/post"}],"author":[{"embeddable":true,"href":"https:\/\/fw-hardt.de\/index.php?rest_route=\/wp\/v2\/users\/1"}],"replies":[{"embeddable":true,"href":"https:\/\/fw-hardt.de\/index.php?rest_route=%2Fwp%2Fv2%2Fcomments&post=3850"}],"version-history":[{"count":0,"href":"https:\/\/fw-hardt.de\/index.php?rest_route=\/wp\/v2\/posts\/3850\/revisions"}],"wp:featuredmedia":[{"embeddable":true,"href":"https:\/\/fw-hardt.de\/index.php?rest_route=\/"}],"wp:attachment":[{"href":"https:\/\/fw-hardt.de\/index.php?rest_route=%2Fwp%2Fv2%2Fmedia&parent=3850"}],"wp:term":[{"taxonomy":"category","embeddable":true,"href":"https:\/\/fw-hardt.de\/index.php?rest_route=%2Fwp%2Fv2%2Fcategories&post=3850"},{"taxonomy":"post_tag","embeddable":true,"href":"https:\/\/fw-hardt.de\/index.php?rest_route=%2Fwp%2Fv2%2Ftags&post=3850"}],"curies":[{"name":"wp","href":"https:\/\/api.w.org\/{rel}","templated":true}]}}