{"id":3847,"date":"2020-02-09T13:04:11","date_gmt":"2020-02-09T13:04:11","guid":{"rendered":"https:\/\/fw-hardt.de\/?p=3847"},"modified":"2020-02-09T13:04:11","modified_gmt":"2020-02-09T13:04:11","slug":"fw-mg-aufziehende-lage-in-der-stadt-moenchengladbach","status":"publish","type":"post","link":"https:\/\/fw-hardt.de\/?p=3847","title":{"rendered":"++++ FW-MG: Aufziehende Lage in der Stadt M\u00f6nchengladbach ++++"},"content":{"rendered":"<p><i>M\u00f6nchengladbach, 17 Uhr, 09.02.2020, gesamte Stadtgebiet\u00a0(ots)<\/i><\/p>\n<p>Der Deutsche Wetterdienst hat die Warnung vor Sturm- und Orkanb\u00f6en aktualisiert. Waren bis gestern nur Vorabinformationen herausgegeben worden, scheint die Lage f\u00fcr die Experten nun klarer. Demnach besteht ab 17 Uhr des heutigen Tages in der Stadt M\u00f6nchengladbach die Gefahr des Auftretens von orkanartigen B\u00f6en. Dabei k\u00f6nnen u.a. B\u00e4ume entwurzelt und D\u00e4cher besch\u00e4digt werden.<\/p>\n<p>Die Feuerwehr nimmt die Lage ernst und bittet um Einhaltung folgender Verhaltensregeln:<\/p>\n<p>Achten Sie besonders auf herabst\u00fcrzende \u00c4ste, Dachziegel oder Gegenst\u00e4nde. Schlie\u00dfen Sie alle Fenster und T\u00fcren. Sichern Sie Gegenst\u00e4nde im Freien! Halten Sie insbesondere Abstand von Geb\u00e4uden, B\u00e4umen, Ger\u00fcsten und Hochspannungsleitungen. Vermeiden Sie m\u00f6glichst den Aufenthalt im Freien!<\/p>\n<p>Da der Schwerpunkt des Unwetters in der ersten Nachth\u00e4lfte erwartet wird, werden viele Gefahrenstellen erst ab Tagesanbruch erkannt, gemeldet und von der Feuerwehr entsch\u00e4rft. Daher achten Sie insbesondere zu Beginn des morgigen Tages (&#8230; bei nicht vermeidbarem Aufenthalt im Freien) auf die oben genannten Gefahrenstellen, sch\u00fctzen Sie sich und ANDERE!<\/p>\n<p>Die Feuerwehr reagiert vorsorglich und besetzt im Einvernehmen mit den Einsatzkr\u00e4ften ab 17 Uhr des heutigen Tages alle Ger\u00e4teh\u00e4user der Freiwilligen Feuerwehr in Staffelst\u00e4rke (6 Feuerwehrleute), alle Hilfsorganisationen sind vorsorglich informiert und in die Gefahrenabwehr einbezogen, der F\u00fchrungsdienst wurde verst\u00e4rkt, ebenso die Leitstelle der Feuerwehr.<\/p>\n<p>Berichterstatter: BR Josef Straetmans<\/p>\n<pre>R\u00fcckfragen bitte an:\n\nStadt M\u00f6nchengladbach\nFachbereich 37 - Feuerwehr\nF\u00fchrungs- und Lagezentrum\nStockholtweg 132\n41238 M\u00f6nchengladbach\nTelefon: 02166\/9989-0\nFax: 02166\/9989-2114\nPressebetreuung: 02166\/9786535\nE-Mail:\u00a0<a class=\"uri-mailto\" href=\"mailto:leitstelle.feuerwehr@moenchengladbach.de\">leitstelle.feuerwehr@moenchengladbach.de<\/a>\n<a class=\"uri-ext outbound\" href=\"http:\/\/www.feuerwehr-mg.de\/\" target=\"_blank\" rel=\"noopener noreferrer\">http:\/\/www.feuerwehr-mg.de\/<\/a>\n\nOriginal-Content von: Feuerwehr M\u00f6nchengladbach, \u00fcbermittelt durch news aktuell<\/pre>\n","protected":false},"excerpt":{"rendered":"<p>M\u00f6nchengladbach, 17 Uhr, 09.02.2020, gesamte Stadtgebiet\u00a0(ots) Der Deutsche Wetterdienst hat die Warnung vor Sturm- und Orkanb\u00f6en aktualisiert. Waren bis gestern nur Vorabinformationen herausgegeben worden, scheint die Lage f\u00fcr die Experten [&hellip;]<\/p>\n","protected":false},"author":1,"featured_media":3146,"comment_status":"closed","ping_status":"closed","sticky":false,"template":"","format":"standard","meta":{"_et_pb_use_builder":"","_et_pb_old_content":"","_et_gb_content_width":"","footnotes":""},"categories":[9],"tags":[],"class_list":["post-3847","post","type-post","status-publish","format-standard","has-post-thumbnail","hentry","category-aktuelles"],"_links":{"self":[{"href":"https:\/\/fw-hardt.de\/index.php?rest_route=\/wp\/v2\/posts\/3847","targetHints":{"allow":["GET"]}}],"collection":[{"href":"https:\/\/fw-hardt.de\/index.php?rest_route=\/wp\/v2\/posts"}],"about":[{"href":"https:\/\/fw-hardt.de\/index.php?rest_route=\/wp\/v2\/types\/post"}],"author":[{"embeddable":true,"href":"https:\/\/fw-hardt.de\/index.php?rest_route=\/wp\/v2\/users\/1"}],"replies":[{"embeddable":true,"href":"https:\/\/fw-hardt.de\/index.php?rest_route=%2Fwp%2Fv2%2Fcomments&post=3847"}],"version-history":[{"count":0,"href":"https:\/\/fw-hardt.de\/index.php?rest_route=\/wp\/v2\/posts\/3847\/revisions"}],"wp:featuredmedia":[{"embeddable":true,"href":"https:\/\/fw-hardt.de\/index.php?rest_route=\/"}],"wp:attachment":[{"href":"https:\/\/fw-hardt.de\/index.php?rest_route=%2Fwp%2Fv2%2Fmedia&parent=3847"}],"wp:term":[{"taxonomy":"category","embeddable":true,"href":"https:\/\/fw-hardt.de\/index.php?rest_route=%2Fwp%2Fv2%2Fcategories&post=3847"},{"taxonomy":"post_tag","embeddable":true,"href":"https:\/\/fw-hardt.de\/index.php?rest_route=%2Fwp%2Fv2%2Ftags&post=3847"}],"curies":[{"name":"wp","href":"https:\/\/api.w.org\/{rel}","templated":true}]}}